{"id":809,"date":"2024-08-04T19:21:56","date_gmt":"2024-08-04T17:21:56","guid":{"rendered":"https:\/\/www.objectifaune.fr\/?p=809"},"modified":"2024-08-04T19:23:31","modified_gmt":"2024-08-04T17:23:31","slug":"la-journee-de-la-marmotte","status":"publish","type":"post","link":"https:\/\/www.objectifaune.fr\/index.php\/2024\/08\/04\/la-journee-de-la-marmotte\/","title":{"rendered":"La journ\u00e9e de la marmotte"},"content":{"rendered":"\n<pre class=\"wp-block-preformatted has-black-color has-very-light-gray-to-cyan-bluish-gray-gradient-background has-text-color has-background has-link-color wp-elements-91a92de3c6f2d6af95f40da0d1e403d8\">Alors en ce mois de juillet, ce fut la journ\u00e9e de la marmotte! <br>Mais qu'est ce que la journ\u00e9e de la marmotte ?<br><br>Dans les Alpes (Hautes-Alpes), dans le village d'Eygliers, il existe <a href=\"https:\/\/lequeyras.com\/offres\/sentier-des-marmottes-eygliers-fr-3612252\/\">le sentier de la marmotte<\/a>. La particularit\u00e9 de ce <a href=\"http:\/\/www.marmotteygliers.com\">sentier<\/a> est qu'il est tr\u00e8s facile d'acc\u00e8s, inutile de marcher de longues heures \u00e0 des altitudes \u00e9lev\u00e9es pour voir des marmottes.<br><br>Une <a href=\"http:\/\/www.marmotteygliers.com\">association<\/a> (APEVM) s'occupe de la pr\u00e9servation de ces petits mammif\u00e8res (enfin petit, tout est relatif, avec un 6kg \u00e0 la pes\u00e9e en octobre...) et sensibilise les touristes tout au long du parcours.<br><br>Donc nous avons d\u00e9cid\u00e9 de participer \u00e0 une journ\u00e9e de sensibilisation pour le compte de l'association au profit de la marmotte.<br>Ce fut tr\u00e8s enrichissant par les \u00e9changes avec les touristes et pouvoir expliquer tout ce qui \u00e0 savoir sur la petite star des montagnes.<br><br>En cette journ\u00e9e de juillet tr\u00e8s chaude, nous voil\u00e0 \u00e9quip\u00e9s d'un <a href=\"https:\/\/www.facebook.com\/photo\/?fbid=10233515123527934&amp;set=pcb.10233515129728089\">joli chasuble orange<\/a> au logo de l'association en direction du sentier.<br><br>Nous avons alors \u00e9chang\u00e9 avec les touristes dont la question en boucle est pourquoi ne pouvons nous pas leur donner \u00e0 manger...<br>Il y a plusieurs r\u00e9ponses \u00e0 cette question.<br>- La premi\u00e8re est que la marmotte sait se nourrir toute seule en trouvant les plantes dont elle a besoin.<br>- La deuxi\u00e8me est que le nourrissage d'un animal sauvage est interdit selon le code de l'environnement. La marmotte est un animal sauvage pardis !!!<br>- La troisi\u00e8me est que donner une nourriture non adapt\u00e9e \u00e0 un animal sauvage peut le rendre malade et le tuer.<br>Donc pas de nourriture aux marmottes. Bon le probl\u00e8me est que le sentier des marmottes a tr\u00e8s longtemps \u00e9t\u00e9 ouvert aux 4 vents et jusqu'aux ann\u00e9es 2000, on pouvait approcher les marmottes quasi dans le terrier et leur donner \u00e0 manger.<br>Heureusement cette \u00e9poque est r\u00e9volue m\u00eame si certains touristes la regrettent...<br><br>L'autre aspect positif est que les personnes trouvent que la pr\u00e9sence d'une personne sur site s\u00e9curise l'espace et limite donc les actes d'incivilit\u00e9s.<br><br>Nous avons pu observer les marmottons tout juste sortis du terrier, certains avaient une dizaine de jours. Alors faut savoir que le marmotton passe tout de m\u00eame 30 jours dans le terrier avant de sortir. On dira alors que ce sont leur premi\u00e8res sorties pour d\u00e9couvrir leur environnement.<br><br>Notre pr\u00e9sence a permis de s\u00e9curiser un secteur le temps qu'une marmotte vienne se nourrir en espace d\u00e9couvert sur un passage fr\u00e9quent\u00e9. Pour assurer la tranquillit\u00e9 de la marmotte, nous avons pu bloquer le passage le temps que la marmotte finisse son repas tranquillement.<br><br>Toutefois les personnes \u00e9taient d\u00e9\u00e7ues de ne pas observer plus de marmottes, certains pensaient venir au zoo, d'autres n'ont pas connaissance de l'activit\u00e9 biologique des animaux. La marmotte ne d\u00e9roge pas \u00e0 la r\u00e8gle, elle est active le matin t\u00f4t pour profiter de la fraicheur et de la ros\u00e9e puis diminue son activit\u00e9 aux heures chaudes pour ressortir vers 16h jusqu'\u00e0 la tomb\u00e9e de la nuit.<br><br>Mais dans l'ensemble les touristes \u00e9taient heureux de partager des informations sur la marmotte et nous aussi.<br><br><\/pre>\n\n\n\n<div id=\"envira-gallery-wrap-811\" class=\"envira-gallery-wrap envira-gallery-theme-base envira-lightbox-theme-base\" itemscope itemtype=\"https:\/\/schema.org\/ImageGallery\"><div data-row-height=\"150\" data-gallery-theme=\"normal\" id=\"envira-gallery-811\" class=\"envira-gallery-public envira-gallery-justified-public envira-gallery-0-columns envira-clear enviratope envira-gallery-css-animations\" data-envira-columns=\"0\"><div id=\"envira-gallery-item-209\" class=\"envira-gallery-item enviratope-item envira-gallery-item-1 envira-lazy-load\" style=\"padding-left: 5px; padding-bottom: 10px; padding-right: 5px;\"  itemscope itemtype=\"https:\/\/schema.org\/ImageObject\"><div class=\"envira-gallery-item-inner\"><div class=\"envira-gallery-position-overlay  envira-gallery-top-left\"><\/div><div class=\"envira-gallery-position-overlay  envira-gallery-top-right\"><\/div><div class=\"envira-gallery-position-overlay  envira-gallery-bottom-left\"><\/div><div class=\"envira-gallery-position-overlay  envira-gallery-bottom-right\"><\/div><a href=\"https:\/\/www.objectifaune.fr\/wp-content\/uploads\/2023\/11\/DSC_3734_DxO-scaled.jpg\" class=\"envira-gallery-811 envira-gallery-link\" rel=\"enviragallery811\" title=\"DSC_3734_DxO\" data-envira-caption=\"DSC_3734_DxO\" data-envira-retina=\"\" data-thumbnail=\"\"  itemprop=\"contentUrl\"><img decoding=\"async\" id=\"envira-gallery-image-209\" class=\"envira-gallery-image envira-gallery-image-1 envira-normal envira-lazy\" data-envira-index=\"1\" src=\"https:\/\/www.objectifaune.fr\/wp-content\/uploads\/2023\/11\/DSC_3734_DxO-1024x683-640x480.jpg\" data-envira-src=\"https:\/\/www.objectifaune.fr\/wp-content\/uploads\/2023\/11\/DSC_3734_DxO-1024x683-640x480.jpg\" data-envira-gallery-id=\"811\" data-envira-item-id=\"209\" data-envira-caption=\"DSC_3734_DxO\" alt=\"\" title=\"DSC_3734_DxO\"  itemprop=\"thumbnailUrl\" data-envira-srcset=\"https:\/\/www.objectifaune.fr\/wp-content\/uploads\/2023\/11\/DSC_3734_DxO-1024x683-640x480.jpg 400w,https:\/\/www.objectifaune.fr\/wp-content\/uploads\/2023\/11\/DSC_3734_DxO-1024x683-640x480.jpg 2x\" data-envira-width=\"300\" data-envira-height=\"200\" srcset=\"data:image\/gif;base64,R0lGODlhAQABAIAAAP\/\/\/\/\/\/\/yH5BAEKAAEALAAAAAABAAEAAAICTAEAOw==\" data-safe-src=\"data:image\/gif;base64,R0lGODlhAQABAIAAAP\/\/\/\/\/\/\/yH5BAEKAAEALAAAAAABAAEAAAICTAEAOw==\" \/><\/a><\/div><\/div><div id=\"envira-gallery-item-814\" class=\"envira-gallery-item enviratope-item envira-gallery-item-2 envira-lazy-load\" style=\"padding-left: 5px; padding-bottom: 10px; padding-right: 5px;\"  itemscope itemtype=\"https:\/\/schema.org\/ImageObject\"><div class=\"envira-gallery-item-inner\"><div class=\"envira-gallery-position-overlay  envira-gallery-top-left\"><\/div><div class=\"envira-gallery-position-overlay  envira-gallery-top-right\"><\/div><div class=\"envira-gallery-position-overlay  envira-gallery-bottom-left\"><\/div><div class=\"envira-gallery-position-overlay  envira-gallery-bottom-right\"><\/div><a href=\"https:\/\/www.objectifaune.fr\/wp-content\/uploads\/2024\/08\/DSC_6293_DxO-scaled.jpg\" class=\"envira-gallery-811 envira-gallery-link\" rel=\"enviragallery811\" title=\"marmottons\" data-envira-caption=\"marmottons\" data-envira-retina=\"\" data-thumbnail=\"\"  itemprop=\"contentUrl\"><img decoding=\"async\" id=\"envira-gallery-image-814\" class=\"envira-gallery-image envira-gallery-image-2 envira-normal envira-lazy\" data-envira-index=\"2\" src=\"https:\/\/www.objectifaune.fr\/wp-content\/uploads\/2024\/08\/DSC_6293_DxO-1024x678-640x480.jpg\" data-envira-src=\"https:\/\/www.objectifaune.fr\/wp-content\/uploads\/2024\/08\/DSC_6293_DxO-1024x678-640x480.jpg\" data-envira-gallery-id=\"811\" data-envira-item-id=\"814\" data-envira-caption=\"marmottons\" alt=\"Jeu du marmotton dans le Queyras\" title=\"marmottons\"  itemprop=\"thumbnailUrl\" data-envira-srcset=\"https:\/\/www.objectifaune.fr\/wp-content\/uploads\/2024\/08\/DSC_6293_DxO-1024x678-640x480.jpg 400w,https:\/\/www.objectifaune.fr\/wp-content\/uploads\/2024\/08\/DSC_6293_DxO-1024x678-640x480.jpg 2x\" data-envira-width=\"300\" data-envira-height=\"199\" srcset=\"data:image\/gif;base64,R0lGODlhAQABAIAAAP\/\/\/\/\/\/\/yH5BAEKAAEALAAAAAABAAEAAAICTAEAOw==\" data-safe-src=\"data:image\/gif;base64,R0lGODlhAQABAIAAAP\/\/\/\/\/\/\/yH5BAEKAAEALAAAAAABAAEAAAICTAEAOw==\" \/><\/a><\/div><\/div><div id=\"envira-gallery-item-813\" class=\"envira-gallery-item enviratope-item envira-gallery-item-3 envira-lazy-load\" style=\"padding-left: 5px; padding-bottom: 10px; padding-right: 5px;\"  itemscope itemtype=\"https:\/\/schema.org\/ImageObject\"><div class=\"envira-gallery-item-inner\"><div class=\"envira-gallery-position-overlay  envira-gallery-top-left\"><\/div><div class=\"envira-gallery-position-overlay  envira-gallery-top-right\"><\/div><div class=\"envira-gallery-position-overlay  envira-gallery-bottom-left\"><\/div><div class=\"envira-gallery-position-overlay  envira-gallery-bottom-right\"><\/div><a href=\"https:\/\/www.objectifaune.fr\/wp-content\/uploads\/2024\/08\/DSC_0356_DxO-scaled.jpg\" class=\"envira-gallery-811 envira-gallery-link\" rel=\"enviragallery811\" title=\"marmotte\" data-envira-caption=\"marmotte\" data-envira-retina=\"\" data-thumbnail=\"\"  itemprop=\"contentUrl\"><img decoding=\"async\" id=\"envira-gallery-image-813\" class=\"envira-gallery-image envira-gallery-image-3 envira-normal envira-lazy\" data-envira-index=\"3\" src=\"https:\/\/www.objectifaune.fr\/wp-content\/uploads\/2024\/08\/DSC_0356_DxO-1024x683-640x480.jpg\" data-envira-src=\"https:\/\/www.objectifaune.fr\/wp-content\/uploads\/2024\/08\/DSC_0356_DxO-1024x683-640x480.jpg\" data-envira-gallery-id=\"811\" data-envira-item-id=\"813\" data-envira-caption=\"marmotte\" alt=\"Marmotte a Eygliers\" title=\"marmotte\"  itemprop=\"thumbnailUrl\" data-envira-srcset=\"https:\/\/www.objectifaune.fr\/wp-content\/uploads\/2024\/08\/DSC_0356_DxO-1024x683-640x480.jpg 400w,https:\/\/www.objectifaune.fr\/wp-content\/uploads\/2024\/08\/DSC_0356_DxO-1024x683-640x480.jpg 2x\" data-envira-width=\"300\" data-envira-height=\"200\" srcset=\"data:image\/gif;base64,R0lGODlhAQABAIAAAP\/\/\/\/\/\/\/yH5BAEKAAEALAAAAAABAAEAAAICTAEAOw==\" data-safe-src=\"data:image\/gif;base64,R0lGODlhAQABAIAAAP\/\/\/\/\/\/\/yH5BAEKAAEALAAAAAABAAEAAAICTAEAOw==\" \/><\/a><\/div><\/div><div id=\"envira-gallery-item-812\" class=\"envira-gallery-item enviratope-item envira-gallery-item-4 envira-lazy-load\" style=\"padding-left: 5px; padding-bottom: 10px; padding-right: 5px;\"  itemscope itemtype=\"https:\/\/schema.org\/ImageObject\"><div class=\"envira-gallery-item-inner\"><div class=\"envira-gallery-position-overlay  envira-gallery-top-left\"><\/div><div class=\"envira-gallery-position-overlay  envira-gallery-top-right\"><\/div><div class=\"envira-gallery-position-overlay  envira-gallery-bottom-left\"><\/div><div class=\"envira-gallery-position-overlay  envira-gallery-bottom-right\"><\/div><a href=\"https:\/\/www.objectifaune.fr\/wp-content\/uploads\/2024\/08\/DSC_0333_DxO-scaled.jpg\" class=\"envira-gallery-811 envira-gallery-link\" rel=\"enviragallery811\" title=\"marmotte\" data-envira-caption=\"marmotte\" data-envira-retina=\"\" data-thumbnail=\"\"  itemprop=\"contentUrl\"><img decoding=\"async\" id=\"envira-gallery-image-812\" class=\"envira-gallery-image envira-gallery-image-4 envira-normal envira-lazy\" data-envira-index=\"4\" src=\"https:\/\/www.objectifaune.fr\/wp-content\/uploads\/2024\/08\/DSC_0333_DxO-1024x683-640x480.jpg\" data-envira-src=\"https:\/\/www.objectifaune.fr\/wp-content\/uploads\/2024\/08\/DSC_0333_DxO-1024x683-640x480.jpg\" data-envira-gallery-id=\"811\" data-envira-item-id=\"812\" data-envira-caption=\"marmotte\" alt=\"Marmotte\" title=\"marmotte\"  itemprop=\"thumbnailUrl\" data-envira-srcset=\"https:\/\/www.objectifaune.fr\/wp-content\/uploads\/2024\/08\/DSC_0333_DxO-1024x683-640x480.jpg 400w,https:\/\/www.objectifaune.fr\/wp-content\/uploads\/2024\/08\/DSC_0333_DxO-1024x683-640x480.jpg 2x\" data-envira-width=\"300\" data-envira-height=\"200\" srcset=\"data:image\/gif;base64,R0lGODlhAQABAIAAAP\/\/\/\/\/\/\/yH5BAEKAAEALAAAAAABAAEAAAICTAEAOw==\" data-safe-src=\"data:image\/gif;base64,R0lGODlhAQABAIAAAP\/\/\/\/\/\/\/yH5BAEKAAEALAAAAAABAAEAAAICTAEAOw==\" \/><\/a><\/div><\/div><div id=\"envira-gallery-item-208\" class=\"envira-gallery-item enviratope-item envira-gallery-item-5 envira-lazy-load\" style=\"padding-left: 5px; padding-bottom: 10px; padding-right: 5px;\"  itemscope itemtype=\"https:\/\/schema.org\/ImageObject\"><div class=\"envira-gallery-item-inner\"><div class=\"envira-gallery-position-overlay  envira-gallery-top-left\"><\/div><div class=\"envira-gallery-position-overlay  envira-gallery-top-right\"><\/div><div class=\"envira-gallery-position-overlay  envira-gallery-bottom-left\"><\/div><div class=\"envira-gallery-position-overlay  envira-gallery-bottom-right\"><\/div><a href=\"https:\/\/www.objectifaune.fr\/wp-content\/uploads\/2023\/11\/DSC_3729_DxO-scaled.jpg\" class=\"envira-gallery-811 envira-gallery-link\" rel=\"enviragallery811\" title=\"marmotte\" data-envira-caption=\"marmotte\" data-envira-retina=\"\" data-thumbnail=\"\"  itemprop=\"contentUrl\"><img decoding=\"async\" id=\"envira-gallery-image-208\" class=\"envira-gallery-image envira-gallery-image-5 envira-normal envira-lazy\" data-envira-index=\"5\" src=\"https:\/\/www.objectifaune.fr\/wp-content\/uploads\/2023\/11\/DSC_3729_DxO-1024x683-640x480.jpg\" data-envira-src=\"https:\/\/www.objectifaune.fr\/wp-content\/uploads\/2023\/11\/DSC_3729_DxO-1024x683-640x480.jpg\" data-envira-gallery-id=\"811\" data-envira-item-id=\"208\" data-envira-caption=\"marmotte\" alt=\"\" title=\"marmotte\"  itemprop=\"thumbnailUrl\" data-envira-srcset=\"https:\/\/www.objectifaune.fr\/wp-content\/uploads\/2023\/11\/DSC_3729_DxO-1024x683-640x480.jpg 400w,https:\/\/www.objectifaune.fr\/wp-content\/uploads\/2023\/11\/DSC_3729_DxO-1024x683-640x480.jpg 2x\" data-envira-width=\"300\" data-envira-height=\"200\" srcset=\"data:image\/gif;base64,R0lGODlhAQABAIAAAP\/\/\/\/\/\/\/yH5BAEKAAEALAAAAAABAAEAAAICTAEAOw==\" data-safe-src=\"data:image\/gif;base64,R0lGODlhAQABAIAAAP\/\/\/\/\/\/\/yH5BAEKAAEALAAAAAABAAEAAAICTAEAOw==\" \/><\/a><\/div><\/div><\/div><\/div><noscript><img decoding=\"async\" src=\"https:\/\/www.objectifaune.fr\/wp-content\/uploads\/2023\/11\/DSC_3734_DxO-scaled.jpg\" alt=\"\" \/><img decoding=\"async\" src=\"https:\/\/www.objectifaune.fr\/wp-content\/uploads\/2024\/08\/DSC_6293_DxO-scaled.jpg\" alt=\"Jeu du marmotton dans le Queyras\" \/><img decoding=\"async\" src=\"https:\/\/www.objectifaune.fr\/wp-content\/uploads\/2024\/08\/DSC_0356_DxO-scaled.jpg\" alt=\"Marmotte a Eygliers\" \/><img decoding=\"async\" src=\"https:\/\/www.objectifaune.fr\/wp-content\/uploads\/2024\/08\/DSC_0333_DxO-scaled.jpg\" alt=\"Marmotte\" \/><img decoding=\"async\" src=\"https:\/\/www.objectifaune.fr\/wp-content\/uploads\/2023\/11\/DSC_3729_DxO-scaled.jpg\" alt=\"\" \/><\/noscript>\n","protected":false},"excerpt":{"rendered":"<p>Alors en ce mois de juillet, ce fut la journ\u00e9e de la marmotte! Mais qu&rsquo;est ce que la journ\u00e9e de la marmotte ?Dans les Alpes (Hautes-Alpes), dans le village d&rsquo;Eygliers, il existe le sentier de la marmotte. La particularit\u00e9 de ce sentier est qu&rsquo;il est tr\u00e8s facile d&rsquo;acc\u00e8s, inutile de marcher de longues heures \u00e0 [&hellip;]<\/p>\n","protected":false},"author":2,"featured_media":0,"comment_status":"closed","ping_status":"closed","sticky":false,"template":"","format":"standard","meta":{"footnotes":""},"categories":[61,32,33,62,69,63],"tags":[22,7,8,37,75],"class_list":["post-809","post","type-post","status-publish","format-standard","hentry","category-alpes","category-biodiversite","category-mammifere","category-montagne","category-parc-national-des-ecrins","category-queyras","tag-alpes","tag-animaux","tag-faune","tag-mammifere","tag-marmottes","entry"],"yoast_head":"<!-- This site is optimized with the Yoast SEO plugin v27.5 - https:\/\/yoast.com\/product\/yoast-seo-wordpress\/ -->\n<title>La journ\u00e9e de la marmotte - Un regard sur la nature<\/title>\n<meta name=\"description\" content=\"Une journ\u00e9e de sensibilisation sur la marmotte dans les Hautes Alpes \u00e0 Eygliers. Conseil, pr\u00e9servation et information sur la marmotte.\" \/>\n<meta name=\"robots\" content=\"index, follow, max-snippet:-1, max-image-preview:large, max-video-preview:-1\" \/>\n<link rel=\"canonical\" href=\"https:\/\/www.objectifaune.fr\/index.php\/2024\/08\/04\/la-journee-de-la-marmotte\/\" \/>\n<meta property=\"og:locale\" content=\"fr_FR\" \/>\n<meta property=\"og:type\" content=\"article\" \/>\n<meta property=\"og:title\" content=\"La journ\u00e9e de la marmotte - Un regard sur la nature\" \/>\n<meta property=\"og:description\" content=\"Une journ\u00e9e de sensibilisation sur la marmotte dans les Hautes Alpes \u00e0 Eygliers. Conseil, pr\u00e9servation et information sur la marmotte.\" \/>\n<meta property=\"og:url\" content=\"https:\/\/www.objectifaune.fr\/index.php\/2024\/08\/04\/la-journee-de-la-marmotte\/\" \/>\n<meta property=\"og:site_name\" content=\"Un regard sur la nature\" \/>\n<meta property=\"article:published_time\" content=\"2024-08-04T17:21:56+00:00\" \/>\n<meta property=\"article:modified_time\" content=\"2024-08-04T17:23:31+00:00\" \/>\n<meta name=\"author\" content=\"christophe\" \/>\n<meta name=\"twitter:card\" content=\"summary_large_image\" \/>\n<meta name=\"twitter:label1\" content=\"\u00c9crit par\" \/>\n\t<meta name=\"twitter:data1\" content=\"christophe\" \/>\n\t<meta name=\"twitter:label2\" content=\"Dur\u00e9e de lecture estim\u00e9e\" \/>\n\t<meta name=\"twitter:data2\" content=\"1 minute\" \/>\n<script type=\"application\/ld+json\" class=\"yoast-schema-graph\">{\"@context\":\"https:\\\/\\\/schema.org\",\"@graph\":[{\"@type\":\"Article\",\"@id\":\"https:\\\/\\\/www.objectifaune.fr\\\/index.php\\\/2024\\\/08\\\/04\\\/la-journee-de-la-marmotte\\\/#article\",\"isPartOf\":{\"@id\":\"https:\\\/\\\/www.objectifaune.fr\\\/index.php\\\/2024\\\/08\\\/04\\\/la-journee-de-la-marmotte\\\/\"},\"author\":{\"name\":\"christophe\",\"@id\":\"https:\\\/\\\/www.objectifaune.fr\\\/#\\\/schema\\\/person\\\/bbdca95880e44b4c023a82443e3ff23e\"},\"headline\":\"La journ\u00e9e de la marmotte\",\"datePublished\":\"2024-08-04T17:21:56+00:00\",\"dateModified\":\"2024-08-04T17:23:31+00:00\",\"mainEntityOfPage\":{\"@id\":\"https:\\\/\\\/www.objectifaune.fr\\\/index.php\\\/2024\\\/08\\\/04\\\/la-journee-de-la-marmotte\\\/\"},\"wordCount\":8,\"publisher\":{\"@id\":\"https:\\\/\\\/www.objectifaune.fr\\\/#\\\/schema\\\/person\\\/bbdca95880e44b4c023a82443e3ff23e\"},\"keywords\":[\"alpes\",\"animaux\",\"faune\",\"mammifere\",\"marmottes\"],\"articleSection\":[\"alpes\",\"biodiversit\u00e9\",\"mammifere\",\"montagne\",\"parc national des ecrins\",\"queyras\"],\"inLanguage\":\"fr-FR\"},{\"@type\":\"WebPage\",\"@id\":\"https:\\\/\\\/www.objectifaune.fr\\\/index.php\\\/2024\\\/08\\\/04\\\/la-journee-de-la-marmotte\\\/\",\"url\":\"https:\\\/\\\/www.objectifaune.fr\\\/index.php\\\/2024\\\/08\\\/04\\\/la-journee-de-la-marmotte\\\/\",\"name\":\"La journ\u00e9e de la marmotte - Un regard sur la nature\",\"isPartOf\":{\"@id\":\"https:\\\/\\\/www.objectifaune.fr\\\/#website\"},\"datePublished\":\"2024-08-04T17:21:56+00:00\",\"dateModified\":\"2024-08-04T17:23:31+00:00\",\"description\":\"Une journ\u00e9e de sensibilisation sur la marmotte dans les Hautes Alpes \u00e0 Eygliers. Conseil, pr\u00e9servation et information sur la marmotte.\",\"breadcrumb\":{\"@id\":\"https:\\\/\\\/www.objectifaune.fr\\\/index.php\\\/2024\\\/08\\\/04\\\/la-journee-de-la-marmotte\\\/#breadcrumb\"},\"inLanguage\":\"fr-FR\",\"potentialAction\":[{\"@type\":\"ReadAction\",\"target\":[\"https:\\\/\\\/www.objectifaune.fr\\\/index.php\\\/2024\\\/08\\\/04\\\/la-journee-de-la-marmotte\\\/\"]}]},{\"@type\":\"BreadcrumbList\",\"@id\":\"https:\\\/\\\/www.objectifaune.fr\\\/index.php\\\/2024\\\/08\\\/04\\\/la-journee-de-la-marmotte\\\/#breadcrumb\",\"itemListElement\":[{\"@type\":\"ListItem\",\"position\":1,\"name\":\"Accueil\",\"item\":\"https:\\\/\\\/www.objectifaune.fr\\\/\"},{\"@type\":\"ListItem\",\"position\":2,\"name\":\"La journ\u00e9e de la marmotte\"}]},{\"@type\":\"WebSite\",\"@id\":\"https:\\\/\\\/www.objectifaune.fr\\\/#website\",\"url\":\"https:\\\/\\\/www.objectifaune.fr\\\/\",\"name\":\"objectifaune\",\"description\":\"\",\"publisher\":{\"@id\":\"https:\\\/\\\/www.objectifaune.fr\\\/#\\\/schema\\\/person\\\/bbdca95880e44b4c023a82443e3ff23e\"},\"potentialAction\":[{\"@type\":\"SearchAction\",\"target\":{\"@type\":\"EntryPoint\",\"urlTemplate\":\"https:\\\/\\\/www.objectifaune.fr\\\/?s={search_term_string}\"},\"query-input\":{\"@type\":\"PropertyValueSpecification\",\"valueRequired\":true,\"valueName\":\"search_term_string\"}}],\"inLanguage\":\"fr-FR\"},{\"@type\":[\"Person\",\"Organization\"],\"@id\":\"https:\\\/\\\/www.objectifaune.fr\\\/#\\\/schema\\\/person\\\/bbdca95880e44b4c023a82443e3ff23e\",\"name\":\"christophe\",\"image\":{\"@type\":\"ImageObject\",\"inLanguage\":\"fr-FR\",\"@id\":\"https:\\\/\\\/secure.gravatar.com\\\/avatar\\\/9c6f9b8465b965e8affa3bec0b793174662d4390e99a3857bd8cc937449932cc?s=96&d=mm&r=g\",\"url\":\"https:\\\/\\\/secure.gravatar.com\\\/avatar\\\/9c6f9b8465b965e8affa3bec0b793174662d4390e99a3857bd8cc937449932cc?s=96&d=mm&r=g\",\"contentUrl\":\"https:\\\/\\\/secure.gravatar.com\\\/avatar\\\/9c6f9b8465b965e8affa3bec0b793174662d4390e99a3857bd8cc937449932cc?s=96&d=mm&r=g\",\"caption\":\"christophe\"},\"logo\":{\"@id\":\"https:\\\/\\\/secure.gravatar.com\\\/avatar\\\/9c6f9b8465b965e8affa3bec0b793174662d4390e99a3857bd8cc937449932cc?s=96&d=mm&r=g\"},\"url\":\"https:\\\/\\\/www.objectifaune.fr\\\/index.php\\\/author\\\/christophe\\\/\"}]}<\/script>\n<!-- \/ Yoast SEO plugin. -->","yoast_head_json":{"title":"La journ\u00e9e de la marmotte - Un regard sur la nature","description":"Une journ\u00e9e de sensibilisation sur la marmotte dans les Hautes Alpes \u00e0 Eygliers. Conseil, pr\u00e9servation et information sur la marmotte.","robots":{"index":"index","follow":"follow","max-snippet":"max-snippet:-1","max-image-preview":"max-image-preview:large","max-video-preview":"max-video-preview:-1"},"canonical":"https:\/\/www.objectifaune.fr\/index.php\/2024\/08\/04\/la-journee-de-la-marmotte\/","og_locale":"fr_FR","og_type":"article","og_title":"La journ\u00e9e de la marmotte - Un regard sur la nature","og_description":"Une journ\u00e9e de sensibilisation sur la marmotte dans les Hautes Alpes \u00e0 Eygliers. Conseil, pr\u00e9servation et information sur la marmotte.","og_url":"https:\/\/www.objectifaune.fr\/index.php\/2024\/08\/04\/la-journee-de-la-marmotte\/","og_site_name":"Un regard sur la nature","article_published_time":"2024-08-04T17:21:56+00:00","article_modified_time":"2024-08-04T17:23:31+00:00","author":"christophe","twitter_card":"summary_large_image","twitter_misc":{"\u00c9crit par":"christophe","Dur\u00e9e de lecture estim\u00e9e":"1 minute"},"schema":{"@context":"https:\/\/schema.org","@graph":[{"@type":"Article","@id":"https:\/\/www.objectifaune.fr\/index.php\/2024\/08\/04\/la-journee-de-la-marmotte\/#article","isPartOf":{"@id":"https:\/\/www.objectifaune.fr\/index.php\/2024\/08\/04\/la-journee-de-la-marmotte\/"},"author":{"name":"christophe","@id":"https:\/\/www.objectifaune.fr\/#\/schema\/person\/bbdca95880e44b4c023a82443e3ff23e"},"headline":"La journ\u00e9e de la marmotte","datePublished":"2024-08-04T17:21:56+00:00","dateModified":"2024-08-04T17:23:31+00:00","mainEntityOfPage":{"@id":"https:\/\/www.objectifaune.fr\/index.php\/2024\/08\/04\/la-journee-de-la-marmotte\/"},"wordCount":8,"publisher":{"@id":"https:\/\/www.objectifaune.fr\/#\/schema\/person\/bbdca95880e44b4c023a82443e3ff23e"},"keywords":["alpes","animaux","faune","mammifere","marmottes"],"articleSection":["alpes","biodiversit\u00e9","mammifere","montagne","parc national des ecrins","queyras"],"inLanguage":"fr-FR"},{"@type":"WebPage","@id":"https:\/\/www.objectifaune.fr\/index.php\/2024\/08\/04\/la-journee-de-la-marmotte\/","url":"https:\/\/www.objectifaune.fr\/index.php\/2024\/08\/04\/la-journee-de-la-marmotte\/","name":"La journ\u00e9e de la marmotte - Un regard sur la nature","isPartOf":{"@id":"https:\/\/www.objectifaune.fr\/#website"},"datePublished":"2024-08-04T17:21:56+00:00","dateModified":"2024-08-04T17:23:31+00:00","description":"Une journ\u00e9e de sensibilisation sur la marmotte dans les Hautes Alpes \u00e0 Eygliers. Conseil, pr\u00e9servation et information sur la marmotte.","breadcrumb":{"@id":"https:\/\/www.objectifaune.fr\/index.php\/2024\/08\/04\/la-journee-de-la-marmotte\/#breadcrumb"},"inLanguage":"fr-FR","potentialAction":[{"@type":"ReadAction","target":["https:\/\/www.objectifaune.fr\/index.php\/2024\/08\/04\/la-journee-de-la-marmotte\/"]}]},{"@type":"BreadcrumbList","@id":"https:\/\/www.objectifaune.fr\/index.php\/2024\/08\/04\/la-journee-de-la-marmotte\/#breadcrumb","itemListElement":[{"@type":"ListItem","position":1,"name":"Accueil","item":"https:\/\/www.objectifaune.fr\/"},{"@type":"ListItem","position":2,"name":"La journ\u00e9e de la marmotte"}]},{"@type":"WebSite","@id":"https:\/\/www.objectifaune.fr\/#website","url":"https:\/\/www.objectifaune.fr\/","name":"objectifaune","description":"","publisher":{"@id":"https:\/\/www.objectifaune.fr\/#\/schema\/person\/bbdca95880e44b4c023a82443e3ff23e"},"potentialAction":[{"@type":"SearchAction","target":{"@type":"EntryPoint","urlTemplate":"https:\/\/www.objectifaune.fr\/?s={search_term_string}"},"query-input":{"@type":"PropertyValueSpecification","valueRequired":true,"valueName":"search_term_string"}}],"inLanguage":"fr-FR"},{"@type":["Person","Organization"],"@id":"https:\/\/www.objectifaune.fr\/#\/schema\/person\/bbdca95880e44b4c023a82443e3ff23e","name":"christophe","image":{"@type":"ImageObject","inLanguage":"fr-FR","@id":"https:\/\/secure.gravatar.com\/avatar\/9c6f9b8465b965e8affa3bec0b793174662d4390e99a3857bd8cc937449932cc?s=96&d=mm&r=g","url":"https:\/\/secure.gravatar.com\/avatar\/9c6f9b8465b965e8affa3bec0b793174662d4390e99a3857bd8cc937449932cc?s=96&d=mm&r=g","contentUrl":"https:\/\/secure.gravatar.com\/avatar\/9c6f9b8465b965e8affa3bec0b793174662d4390e99a3857bd8cc937449932cc?s=96&d=mm&r=g","caption":"christophe"},"logo":{"@id":"https:\/\/secure.gravatar.com\/avatar\/9c6f9b8465b965e8affa3bec0b793174662d4390e99a3857bd8cc937449932cc?s=96&d=mm&r=g"},"url":"https:\/\/www.objectifaune.fr\/index.php\/author\/christophe\/"}]}},"_links":{"self":[{"href":"https:\/\/www.objectifaune.fr\/index.php\/wp-json\/wp\/v2\/posts\/809","targetHints":{"allow":["GET"]}}],"collection":[{"href":"https:\/\/www.objectifaune.fr\/index.php\/wp-json\/wp\/v2\/posts"}],"about":[{"href":"https:\/\/www.objectifaune.fr\/index.php\/wp-json\/wp\/v2\/types\/post"}],"author":[{"embeddable":true,"href":"https:\/\/www.objectifaune.fr\/index.php\/wp-json\/wp\/v2\/users\/2"}],"replies":[{"embeddable":true,"href":"https:\/\/www.objectifaune.fr\/index.php\/wp-json\/wp\/v2\/comments?post=809"}],"version-history":[{"count":4,"href":"https:\/\/www.objectifaune.fr\/index.php\/wp-json\/wp\/v2\/posts\/809\/revisions"}],"predecessor-version":[{"id":817,"href":"https:\/\/www.objectifaune.fr\/index.php\/wp-json\/wp\/v2\/posts\/809\/revisions\/817"}],"wp:attachment":[{"href":"https:\/\/www.objectifaune.fr\/index.php\/wp-json\/wp\/v2\/media?parent=809"}],"wp:term":[{"taxonomy":"category","embeddable":true,"href":"https:\/\/www.objectifaune.fr\/index.php\/wp-json\/wp\/v2\/categories?post=809"},{"taxonomy":"post_tag","embeddable":true,"href":"https:\/\/www.objectifaune.fr\/index.php\/wp-json\/wp\/v2\/tags?post=809"}],"curies":[{"name":"wp","href":"https:\/\/api.w.org\/{rel}","templated":true}]}}