{"id":356,"date":"2023-11-24T19:11:42","date_gmt":"2023-11-24T18:11:42","guid":{"rendered":"https:\/\/www.objectifaune.fr\/?p=356"},"modified":"2025-05-20T08:08:27","modified_gmt":"2025-05-20T06:08:27","slug":"le-lapin-de-garenne","status":"publish","type":"post","link":"https:\/\/www.objectifaune.fr\/index.php\/2023\/11\/24\/le-lapin-de-garenne\/","title":{"rendered":"Le lapin de garenne"},"content":{"rendered":"\n<pre class=\"wp-block-preformatted has-black-color has-very-light-gray-to-cyan-bluish-gray-gradient-background has-text-color has-background has-link-color has-medium-font-size wp-elements-27dee830d2c35ceaf5ad3f40d541f45c\">A la d\u00e9couverte d'un petit mammif\u00e8re populaire... \nCe petit mammif\u00e8re de la famille des leporid\u00e9s (ordre des lagomorphes), est, semble-t-il, un animal assez commun.\nApr\u00e8s la d\u00e9couverte d'un secteur de garenne (espace herbeux ou bois\u00e9 o\u00f9 vivent des lapins avec des terriers et de multiples entr\u00e9es), j'ai commenc\u00e9 \u00e0 faire quelques photos.\n\nEt puis je me suis aper\u00e7u qu'il n'\u00e9tait pas si commun que cela. \nSur le plan strictement \u00e9cologique, une garenne est structur\u00e9e avec un lapin et une lapine dominante, ils assurent la reproduction et viennent ensuite les domin\u00e9s.\nParfois, les domin\u00e9s veulent la place du dominant et g\u00e9n\u00e9ralement cela se finit en course-poursuite.<\/pre>\n\n\n\n<figure class=\"wp-block-image size-large\"><img loading=\"lazy\" decoding=\"async\" width=\"1024\" height=\"683\" src=\"http:\/\/www.objectifaune.fr\/wp-content\/uploads\/2023\/11\/DSC_1397_00005-1024x683.jpg\" alt=\"\" class=\"wp-image-357\" srcset=\"https:\/\/www.objectifaune.fr\/wp-content\/uploads\/2023\/11\/DSC_1397_00005-1024x683.jpg 1024w, https:\/\/www.objectifaune.fr\/wp-content\/uploads\/2023\/11\/DSC_1397_00005-300x200.jpg 300w, https:\/\/www.objectifaune.fr\/wp-content\/uploads\/2023\/11\/DSC_1397_00005-768x512.jpg 768w, https:\/\/www.objectifaune.fr\/wp-content\/uploads\/2023\/11\/DSC_1397_00005-1536x1024.jpg 1536w, https:\/\/www.objectifaune.fr\/wp-content\/uploads\/2023\/11\/DSC_1397_00005-2048x1365.jpg 2048w\" sizes=\"auto, (max-width: 1024px) 100vw, 1024px\" \/><figcaption class=\"wp-element-caption\">toilettage<\/figcaption><\/figure>\n\n\n\n<pre class=\"wp-block-preformatted has-black-color has-very-light-gray-to-cyan-bluish-gray-gradient-background has-text-color has-background has-link-color has-medium-font-size wp-elements-406e1eb1c8f8e79e9ce4b1bde723d48d\">Bref quand le dominant a reprit sa place, tout va bien. Le m\u00e2le assure la s\u00e9curit\u00e9 des lapereaux tandis que la femelle assure la s\u00e9curit\u00e9 du terrier et allaite les petits une fois\/jour.\n\nJ'appr\u00e9cie de me rendre sur site tr\u00e8s t\u00f4t le matin. J'aime particuli\u00e8rement arriver de nuit pour profiter du lever du jour, le temps de m'installer pour ne pas affoler tout ce petit monde. Le soir est \u00e9galement propice avec des lumi\u00e8res vraiment douces. <\/pre>\n\n\n\n<figure class=\"wp-block-image size-large\"><img loading=\"lazy\" decoding=\"async\" width=\"1024\" height=\"683\" src=\"http:\/\/www.objectifaune.fr\/wp-content\/uploads\/2023\/11\/DSC_4579_00001-1024x683.jpg\" alt=\"\" class=\"wp-image-358\" srcset=\"https:\/\/www.objectifaune.fr\/wp-content\/uploads\/2023\/11\/DSC_4579_00001-1024x683.jpg 1024w, https:\/\/www.objectifaune.fr\/wp-content\/uploads\/2023\/11\/DSC_4579_00001-300x200.jpg 300w, https:\/\/www.objectifaune.fr\/wp-content\/uploads\/2023\/11\/DSC_4579_00001-768x512.jpg 768w, https:\/\/www.objectifaune.fr\/wp-content\/uploads\/2023\/11\/DSC_4579_00001-1536x1024.jpg 1536w, https:\/\/www.objectifaune.fr\/wp-content\/uploads\/2023\/11\/DSC_4579_00001-2048x1365.jpg 2048w\" sizes=\"auto, (max-width: 1024px) 100vw, 1024px\" \/><\/figure>\n\n\n\n<pre class=\"wp-block-preformatted has-black-color has-very-light-gray-to-cyan-bluish-gray-gradient-background has-text-color has-background has-link-color has-medium-font-size wp-elements-cdfef684153e0b1025b28f8a4faddc22\">Alors une fois install\u00e9, j'essaie de minimiser au maximum mes mouvements, d'\u00eatre le plus discret possible et lorsqu'ils commencent \u00e0 sortir, c'est un moment incroyable. D'abord le lapin s'arr\u00eate devant le terrier, il v\u00e9rifie que tout va bien et hop on commence \u00e0 boulotter l'herbe.<\/pre>\n\n\n\n<figure class=\"wp-block-image size-large\"><img loading=\"lazy\" decoding=\"async\" width=\"1024\" height=\"683\" src=\"http:\/\/www.objectifaune.fr\/wp-content\/uploads\/2023\/11\/DSC_2153_DxO-1024x683.jpg\" alt=\"\" class=\"wp-image-359\" srcset=\"https:\/\/www.objectifaune.fr\/wp-content\/uploads\/2023\/11\/DSC_2153_DxO-1024x683.jpg 1024w, https:\/\/www.objectifaune.fr\/wp-content\/uploads\/2023\/11\/DSC_2153_DxO-300x200.jpg 300w, https:\/\/www.objectifaune.fr\/wp-content\/uploads\/2023\/11\/DSC_2153_DxO-768x512.jpg 768w, https:\/\/www.objectifaune.fr\/wp-content\/uploads\/2023\/11\/DSC_2153_DxO-1536x1024.jpg 1536w, https:\/\/www.objectifaune.fr\/wp-content\/uploads\/2023\/11\/DSC_2153_DxO-2048x1366.jpg 2048w\" sizes=\"auto, (max-width: 1024px) 100vw, 1024px\" \/><\/figure>\n\n\n\n<pre class=\"wp-block-preformatted has-black-color has-very-light-gray-to-cyan-bluish-gray-gradient-background has-text-color has-background has-link-color has-medium-font-size wp-elements-0c1d24948312516f26180dedf76aba64\">Mais la sortie du terrier n'est pas imm\u00e9diate et les aff\u00fbts peuvent durer longtemps avant de pouvoir observer monsieur lapin. Suivant les conditions m\u00e9t\u00e9o surtout par vent fort, la chance que monsieur et madame lapin restent dans le terrier est tr\u00e8s forte.\n\nEt puis il y a la surprise, tu arrives un matin: les lapereaux sortent du terrier !\nSuivra donc toute une p\u00e9riode o\u00f9 je les verrai grandir. Ils prennent rapidement du poids, au bout de 3 ou 4 semaines, ils ont d\u00e9j\u00e0 leur taille adulte.<\/pre>\n\n\n\n<figure class=\"wp-block-image size-large\"><img loading=\"lazy\" decoding=\"async\" width=\"1024\" height=\"683\" src=\"http:\/\/www.objectifaune.fr\/wp-content\/uploads\/2023\/11\/DSC_1887_DxO-1024x683.jpg\" alt=\"\" class=\"wp-image-362\" srcset=\"https:\/\/www.objectifaune.fr\/wp-content\/uploads\/2023\/11\/DSC_1887_DxO-1024x683.jpg 1024w, https:\/\/www.objectifaune.fr\/wp-content\/uploads\/2023\/11\/DSC_1887_DxO-300x200.jpg 300w, https:\/\/www.objectifaune.fr\/wp-content\/uploads\/2023\/11\/DSC_1887_DxO-768x512.jpg 768w, https:\/\/www.objectifaune.fr\/wp-content\/uploads\/2023\/11\/DSC_1887_DxO-1536x1024.jpg 1536w, https:\/\/www.objectifaune.fr\/wp-content\/uploads\/2023\/11\/DSC_1887_DxO-2048x1365.jpg 2048w\" sizes=\"auto, (max-width: 1024px) 100vw, 1024px\" \/><\/figure>\n\n\n\n<pre class=\"wp-block-preformatted has-black-color has-very-light-gray-to-cyan-bluish-gray-gradient-background has-text-color has-background has-link-color has-medium-font-size wp-elements-347fde59ac608143016b0a3e149a143d\">Mais le lapin n'aime pas la visite de Monsieur Goupil!\nUn matin, j'\u00e9tais entour\u00e9 d'une dizaine de lapins. En un instant, tous les lapins se sont mis \u00e0 d\u00e9taler et en moins de 10s, tout le monde \u00e9tait au terrier... Assez surpris et interrogatif; l'interrogation fut vite lev\u00e9e: J'ai vu passer le renard devant mon affut ! trop furtivement pour une photo !\n\nJe continue r\u00e9guli\u00e8rement de leur rendre visite m\u00eame si la p\u00e9riode automnale est moins propice \u00e0 l'observation, cela ne repr\u00e9sente qu'un moment avant de les revoir plus actifs ! <\/pre>\n\n\n\n<figure class=\"wp-block-image size-large\"><img loading=\"lazy\" decoding=\"async\" width=\"1024\" height=\"683\" src=\"http:\/\/www.objectifaune.fr\/wp-content\/uploads\/2023\/11\/DSC_3348_DxO-1024x683.jpg\" alt=\"\" class=\"wp-image-363\" srcset=\"https:\/\/www.objectifaune.fr\/wp-content\/uploads\/2023\/11\/DSC_3348_DxO-1024x683.jpg 1024w, https:\/\/www.objectifaune.fr\/wp-content\/uploads\/2023\/11\/DSC_3348_DxO-300x200.jpg 300w, https:\/\/www.objectifaune.fr\/wp-content\/uploads\/2023\/11\/DSC_3348_DxO-768x512.jpg 768w, https:\/\/www.objectifaune.fr\/wp-content\/uploads\/2023\/11\/DSC_3348_DxO-1536x1024.jpg 1536w, https:\/\/www.objectifaune.fr\/wp-content\/uploads\/2023\/11\/DSC_3348_DxO-2048x1365.jpg 2048w\" sizes=\"auto, (max-width: 1024px) 100vw, 1024px\" \/><\/figure>\n","protected":false},"excerpt":{"rendered":"<p>A la d\u00e9couverte d&rsquo;un petit mammif\u00e8re populaire&#8230; Ce petit mammif\u00e8re de la famille des leporid\u00e9s (ordre des lagomorphes), est, semble-t-il, un animal assez commun. Apr\u00e8s la d\u00e9couverte d&rsquo;un secteur de garenne (espace herbeux ou bois\u00e9 o\u00f9 vivent des lapins avec des terriers et de multiples entr\u00e9es), j&rsquo;ai commenc\u00e9 \u00e0 faire quelques photos. Et puis je [&hellip;]<\/p>\n","protected":false},"author":2,"featured_media":0,"comment_status":"closed","ping_status":"open","sticky":false,"template":"","format":"standard","meta":{"footnotes":""},"categories":[33],"tags":[35,36,37,5],"class_list":["post-356","post","type-post","status-publish","format-standard","hentry","category-mammifere","tag-lapin","tag-lapins","tag-mammifere","tag-photo","entry"],"yoast_head":"<!-- This site is optimized with the Yoast SEO plugin v27.5 - https:\/\/yoast.com\/product\/yoast-seo-wordpress\/ -->\n<title>Le lapin de garenne - Un regard sur la nature<\/title>\n<meta name=\"robots\" content=\"index, follow, max-snippet:-1, max-image-preview:large, max-video-preview:-1\" \/>\n<link rel=\"canonical\" href=\"https:\/\/www.objectifaune.fr\/index.php\/2023\/11\/24\/le-lapin-de-garenne\/\" \/>\n<meta property=\"og:locale\" content=\"fr_FR\" \/>\n<meta property=\"og:type\" content=\"article\" \/>\n<meta property=\"og:title\" content=\"Le lapin de garenne - Un regard sur la nature\" \/>\n<meta property=\"og:description\" content=\"A la d\u00e9couverte d&#039;un petit mammif\u00e8re populaire... Ce petit mammif\u00e8re de la famille des leporid\u00e9s (ordre des lagomorphes), est, semble-t-il, un animal assez commun. Apr\u00e8s la d\u00e9couverte d&#039;un secteur de garenne (espace herbeux ou bois\u00e9 o\u00f9 vivent des lapins avec des terriers et de multiples entr\u00e9es), j&#039;ai commenc\u00e9 \u00e0 faire quelques photos. Et puis je [&hellip;]\" \/>\n<meta property=\"og:url\" content=\"https:\/\/www.objectifaune.fr\/index.php\/2023\/11\/24\/le-lapin-de-garenne\/\" \/>\n<meta property=\"og:site_name\" content=\"Un regard sur la nature\" \/>\n<meta property=\"article:published_time\" content=\"2023-11-24T18:11:42+00:00\" \/>\n<meta property=\"article:modified_time\" content=\"2025-05-20T06:08:27+00:00\" \/>\n<meta property=\"og:image\" content=\"https:\/\/www.objectifaune.fr\/wp-content\/uploads\/2023\/11\/DSC_1397_00005-scaled.jpg\" \/>\n\t<meta property=\"og:image:width\" content=\"2560\" \/>\n\t<meta property=\"og:image:height\" content=\"1707\" \/>\n\t<meta property=\"og:image:type\" content=\"image\/jpeg\" \/>\n<meta name=\"author\" content=\"christophe\" \/>\n<meta name=\"twitter:card\" content=\"summary_large_image\" \/>\n<meta name=\"twitter:label1\" content=\"\u00c9crit par\" \/>\n\t<meta name=\"twitter:data1\" content=\"christophe\" \/>\n\t<meta name=\"twitter:label2\" content=\"Dur\u00e9e de lecture estim\u00e9e\" \/>\n\t<meta name=\"twitter:data2\" content=\"2 minutes\" \/>\n<script type=\"application\/ld+json\" class=\"yoast-schema-graph\">{\"@context\":\"https:\\\/\\\/schema.org\",\"@graph\":[{\"@type\":\"Article\",\"@id\":\"https:\\\/\\\/www.objectifaune.fr\\\/index.php\\\/2023\\\/11\\\/24\\\/le-lapin-de-garenne\\\/#article\",\"isPartOf\":{\"@id\":\"https:\\\/\\\/www.objectifaune.fr\\\/index.php\\\/2023\\\/11\\\/24\\\/le-lapin-de-garenne\\\/\"},\"author\":{\"name\":\"christophe\",\"@id\":\"https:\\\/\\\/www.objectifaune.fr\\\/#\\\/schema\\\/person\\\/bbdca95880e44b4c023a82443e3ff23e\"},\"headline\":\"Le lapin de garenne\",\"datePublished\":\"2023-11-24T18:11:42+00:00\",\"dateModified\":\"2025-05-20T06:08:27+00:00\",\"mainEntityOfPage\":{\"@id\":\"https:\\\/\\\/www.objectifaune.fr\\\/index.php\\\/2023\\\/11\\\/24\\\/le-lapin-de-garenne\\\/\"},\"wordCount\":5,\"publisher\":{\"@id\":\"https:\\\/\\\/www.objectifaune.fr\\\/#\\\/schema\\\/person\\\/bbdca95880e44b4c023a82443e3ff23e\"},\"image\":{\"@id\":\"https:\\\/\\\/www.objectifaune.fr\\\/index.php\\\/2023\\\/11\\\/24\\\/le-lapin-de-garenne\\\/#primaryimage\"},\"thumbnailUrl\":\"http:\\\/\\\/www.objectifaune.fr\\\/wp-content\\\/uploads\\\/2023\\\/11\\\/DSC_1397_00005-1024x683.jpg\",\"keywords\":[\"lapin\",\"lapins\",\"mammifere\",\"photo\"],\"articleSection\":[\"mammifere\"],\"inLanguage\":\"fr-FR\"},{\"@type\":\"WebPage\",\"@id\":\"https:\\\/\\\/www.objectifaune.fr\\\/index.php\\\/2023\\\/11\\\/24\\\/le-lapin-de-garenne\\\/\",\"url\":\"https:\\\/\\\/www.objectifaune.fr\\\/index.php\\\/2023\\\/11\\\/24\\\/le-lapin-de-garenne\\\/\",\"name\":\"Le lapin de garenne - Un regard sur la nature\",\"isPartOf\":{\"@id\":\"https:\\\/\\\/www.objectifaune.fr\\\/#website\"},\"primaryImageOfPage\":{\"@id\":\"https:\\\/\\\/www.objectifaune.fr\\\/index.php\\\/2023\\\/11\\\/24\\\/le-lapin-de-garenne\\\/#primaryimage\"},\"image\":{\"@id\":\"https:\\\/\\\/www.objectifaune.fr\\\/index.php\\\/2023\\\/11\\\/24\\\/le-lapin-de-garenne\\\/#primaryimage\"},\"thumbnailUrl\":\"http:\\\/\\\/www.objectifaune.fr\\\/wp-content\\\/uploads\\\/2023\\\/11\\\/DSC_1397_00005-1024x683.jpg\",\"datePublished\":\"2023-11-24T18:11:42+00:00\",\"dateModified\":\"2025-05-20T06:08:27+00:00\",\"breadcrumb\":{\"@id\":\"https:\\\/\\\/www.objectifaune.fr\\\/index.php\\\/2023\\\/11\\\/24\\\/le-lapin-de-garenne\\\/#breadcrumb\"},\"inLanguage\":\"fr-FR\",\"potentialAction\":[{\"@type\":\"ReadAction\",\"target\":[\"https:\\\/\\\/www.objectifaune.fr\\\/index.php\\\/2023\\\/11\\\/24\\\/le-lapin-de-garenne\\\/\"]}]},{\"@type\":\"ImageObject\",\"inLanguage\":\"fr-FR\",\"@id\":\"https:\\\/\\\/www.objectifaune.fr\\\/index.php\\\/2023\\\/11\\\/24\\\/le-lapin-de-garenne\\\/#primaryimage\",\"url\":\"https:\\\/\\\/www.objectifaune.fr\\\/wp-content\\\/uploads\\\/2023\\\/11\\\/DSC_1397_00005-scaled.jpg\",\"contentUrl\":\"https:\\\/\\\/www.objectifaune.fr\\\/wp-content\\\/uploads\\\/2023\\\/11\\\/DSC_1397_00005-scaled.jpg\",\"width\":2560,\"height\":1707,\"caption\":\"toilettage\"},{\"@type\":\"BreadcrumbList\",\"@id\":\"https:\\\/\\\/www.objectifaune.fr\\\/index.php\\\/2023\\\/11\\\/24\\\/le-lapin-de-garenne\\\/#breadcrumb\",\"itemListElement\":[{\"@type\":\"ListItem\",\"position\":1,\"name\":\"Accueil\",\"item\":\"https:\\\/\\\/www.objectifaune.fr\\\/\"},{\"@type\":\"ListItem\",\"position\":2,\"name\":\"Le lapin de garenne\"}]},{\"@type\":\"WebSite\",\"@id\":\"https:\\\/\\\/www.objectifaune.fr\\\/#website\",\"url\":\"https:\\\/\\\/www.objectifaune.fr\\\/\",\"name\":\"objectifaune\",\"description\":\"\",\"publisher\":{\"@id\":\"https:\\\/\\\/www.objectifaune.fr\\\/#\\\/schema\\\/person\\\/bbdca95880e44b4c023a82443e3ff23e\"},\"potentialAction\":[{\"@type\":\"SearchAction\",\"target\":{\"@type\":\"EntryPoint\",\"urlTemplate\":\"https:\\\/\\\/www.objectifaune.fr\\\/?s={search_term_string}\"},\"query-input\":{\"@type\":\"PropertyValueSpecification\",\"valueRequired\":true,\"valueName\":\"search_term_string\"}}],\"inLanguage\":\"fr-FR\"},{\"@type\":[\"Person\",\"Organization\"],\"@id\":\"https:\\\/\\\/www.objectifaune.fr\\\/#\\\/schema\\\/person\\\/bbdca95880e44b4c023a82443e3ff23e\",\"name\":\"christophe\",\"image\":{\"@type\":\"ImageObject\",\"inLanguage\":\"fr-FR\",\"@id\":\"https:\\\/\\\/secure.gravatar.com\\\/avatar\\\/9c6f9b8465b965e8affa3bec0b793174662d4390e99a3857bd8cc937449932cc?s=96&d=mm&r=g\",\"url\":\"https:\\\/\\\/secure.gravatar.com\\\/avatar\\\/9c6f9b8465b965e8affa3bec0b793174662d4390e99a3857bd8cc937449932cc?s=96&d=mm&r=g\",\"contentUrl\":\"https:\\\/\\\/secure.gravatar.com\\\/avatar\\\/9c6f9b8465b965e8affa3bec0b793174662d4390e99a3857bd8cc937449932cc?s=96&d=mm&r=g\",\"caption\":\"christophe\"},\"logo\":{\"@id\":\"https:\\\/\\\/secure.gravatar.com\\\/avatar\\\/9c6f9b8465b965e8affa3bec0b793174662d4390e99a3857bd8cc937449932cc?s=96&d=mm&r=g\"},\"url\":\"https:\\\/\\\/www.objectifaune.fr\\\/index.php\\\/author\\\/christophe\\\/\"}]}<\/script>\n<!-- \/ Yoast SEO plugin. -->","yoast_head_json":{"title":"Le lapin de garenne - Un regard sur la nature","robots":{"index":"index","follow":"follow","max-snippet":"max-snippet:-1","max-image-preview":"max-image-preview:large","max-video-preview":"max-video-preview:-1"},"canonical":"https:\/\/www.objectifaune.fr\/index.php\/2023\/11\/24\/le-lapin-de-garenne\/","og_locale":"fr_FR","og_type":"article","og_title":"Le lapin de garenne - Un regard sur la nature","og_description":"A la d\u00e9couverte d'un petit mammif\u00e8re populaire... Ce petit mammif\u00e8re de la famille des leporid\u00e9s (ordre des lagomorphes), est, semble-t-il, un animal assez commun. Apr\u00e8s la d\u00e9couverte d'un secteur de garenne (espace herbeux ou bois\u00e9 o\u00f9 vivent des lapins avec des terriers et de multiples entr\u00e9es), j'ai commenc\u00e9 \u00e0 faire quelques photos. Et puis je [&hellip;]","og_url":"https:\/\/www.objectifaune.fr\/index.php\/2023\/11\/24\/le-lapin-de-garenne\/","og_site_name":"Un regard sur la nature","article_published_time":"2023-11-24T18:11:42+00:00","article_modified_time":"2025-05-20T06:08:27+00:00","og_image":[{"width":2560,"height":1707,"url":"https:\/\/www.objectifaune.fr\/wp-content\/uploads\/2023\/11\/DSC_1397_00005-scaled.jpg","type":"image\/jpeg"}],"author":"christophe","twitter_card":"summary_large_image","twitter_misc":{"\u00c9crit par":"christophe","Dur\u00e9e de lecture estim\u00e9e":"2 minutes"},"schema":{"@context":"https:\/\/schema.org","@graph":[{"@type":"Article","@id":"https:\/\/www.objectifaune.fr\/index.php\/2023\/11\/24\/le-lapin-de-garenne\/#article","isPartOf":{"@id":"https:\/\/www.objectifaune.fr\/index.php\/2023\/11\/24\/le-lapin-de-garenne\/"},"author":{"name":"christophe","@id":"https:\/\/www.objectifaune.fr\/#\/schema\/person\/bbdca95880e44b4c023a82443e3ff23e"},"headline":"Le lapin de garenne","datePublished":"2023-11-24T18:11:42+00:00","dateModified":"2025-05-20T06:08:27+00:00","mainEntityOfPage":{"@id":"https:\/\/www.objectifaune.fr\/index.php\/2023\/11\/24\/le-lapin-de-garenne\/"},"wordCount":5,"publisher":{"@id":"https:\/\/www.objectifaune.fr\/#\/schema\/person\/bbdca95880e44b4c023a82443e3ff23e"},"image":{"@id":"https:\/\/www.objectifaune.fr\/index.php\/2023\/11\/24\/le-lapin-de-garenne\/#primaryimage"},"thumbnailUrl":"http:\/\/www.objectifaune.fr\/wp-content\/uploads\/2023\/11\/DSC_1397_00005-1024x683.jpg","keywords":["lapin","lapins","mammifere","photo"],"articleSection":["mammifere"],"inLanguage":"fr-FR"},{"@type":"WebPage","@id":"https:\/\/www.objectifaune.fr\/index.php\/2023\/11\/24\/le-lapin-de-garenne\/","url":"https:\/\/www.objectifaune.fr\/index.php\/2023\/11\/24\/le-lapin-de-garenne\/","name":"Le lapin de garenne - Un regard sur la nature","isPartOf":{"@id":"https:\/\/www.objectifaune.fr\/#website"},"primaryImageOfPage":{"@id":"https:\/\/www.objectifaune.fr\/index.php\/2023\/11\/24\/le-lapin-de-garenne\/#primaryimage"},"image":{"@id":"https:\/\/www.objectifaune.fr\/index.php\/2023\/11\/24\/le-lapin-de-garenne\/#primaryimage"},"thumbnailUrl":"http:\/\/www.objectifaune.fr\/wp-content\/uploads\/2023\/11\/DSC_1397_00005-1024x683.jpg","datePublished":"2023-11-24T18:11:42+00:00","dateModified":"2025-05-20T06:08:27+00:00","breadcrumb":{"@id":"https:\/\/www.objectifaune.fr\/index.php\/2023\/11\/24\/le-lapin-de-garenne\/#breadcrumb"},"inLanguage":"fr-FR","potentialAction":[{"@type":"ReadAction","target":["https:\/\/www.objectifaune.fr\/index.php\/2023\/11\/24\/le-lapin-de-garenne\/"]}]},{"@type":"ImageObject","inLanguage":"fr-FR","@id":"https:\/\/www.objectifaune.fr\/index.php\/2023\/11\/24\/le-lapin-de-garenne\/#primaryimage","url":"https:\/\/www.objectifaune.fr\/wp-content\/uploads\/2023\/11\/DSC_1397_00005-scaled.jpg","contentUrl":"https:\/\/www.objectifaune.fr\/wp-content\/uploads\/2023\/11\/DSC_1397_00005-scaled.jpg","width":2560,"height":1707,"caption":"toilettage"},{"@type":"BreadcrumbList","@id":"https:\/\/www.objectifaune.fr\/index.php\/2023\/11\/24\/le-lapin-de-garenne\/#breadcrumb","itemListElement":[{"@type":"ListItem","position":1,"name":"Accueil","item":"https:\/\/www.objectifaune.fr\/"},{"@type":"ListItem","position":2,"name":"Le lapin de garenne"}]},{"@type":"WebSite","@id":"https:\/\/www.objectifaune.fr\/#website","url":"https:\/\/www.objectifaune.fr\/","name":"objectifaune","description":"","publisher":{"@id":"https:\/\/www.objectifaune.fr\/#\/schema\/person\/bbdca95880e44b4c023a82443e3ff23e"},"potentialAction":[{"@type":"SearchAction","target":{"@type":"EntryPoint","urlTemplate":"https:\/\/www.objectifaune.fr\/?s={search_term_string}"},"query-input":{"@type":"PropertyValueSpecification","valueRequired":true,"valueName":"search_term_string"}}],"inLanguage":"fr-FR"},{"@type":["Person","Organization"],"@id":"https:\/\/www.objectifaune.fr\/#\/schema\/person\/bbdca95880e44b4c023a82443e3ff23e","name":"christophe","image":{"@type":"ImageObject","inLanguage":"fr-FR","@id":"https:\/\/secure.gravatar.com\/avatar\/9c6f9b8465b965e8affa3bec0b793174662d4390e99a3857bd8cc937449932cc?s=96&d=mm&r=g","url":"https:\/\/secure.gravatar.com\/avatar\/9c6f9b8465b965e8affa3bec0b793174662d4390e99a3857bd8cc937449932cc?s=96&d=mm&r=g","contentUrl":"https:\/\/secure.gravatar.com\/avatar\/9c6f9b8465b965e8affa3bec0b793174662d4390e99a3857bd8cc937449932cc?s=96&d=mm&r=g","caption":"christophe"},"logo":{"@id":"https:\/\/secure.gravatar.com\/avatar\/9c6f9b8465b965e8affa3bec0b793174662d4390e99a3857bd8cc937449932cc?s=96&d=mm&r=g"},"url":"https:\/\/www.objectifaune.fr\/index.php\/author\/christophe\/"}]}},"_links":{"self":[{"href":"https:\/\/www.objectifaune.fr\/index.php\/wp-json\/wp\/v2\/posts\/356","targetHints":{"allow":["GET"]}}],"collection":[{"href":"https:\/\/www.objectifaune.fr\/index.php\/wp-json\/wp\/v2\/posts"}],"about":[{"href":"https:\/\/www.objectifaune.fr\/index.php\/wp-json\/wp\/v2\/types\/post"}],"author":[{"embeddable":true,"href":"https:\/\/www.objectifaune.fr\/index.php\/wp-json\/wp\/v2\/users\/2"}],"replies":[{"embeddable":true,"href":"https:\/\/www.objectifaune.fr\/index.php\/wp-json\/wp\/v2\/comments?post=356"}],"version-history":[{"count":14,"href":"https:\/\/www.objectifaune.fr\/index.php\/wp-json\/wp\/v2\/posts\/356\/revisions"}],"predecessor-version":[{"id":378,"href":"https:\/\/www.objectifaune.fr\/index.php\/wp-json\/wp\/v2\/posts\/356\/revisions\/378"}],"wp:attachment":[{"href":"https:\/\/www.objectifaune.fr\/index.php\/wp-json\/wp\/v2\/media?parent=356"}],"wp:term":[{"taxonomy":"category","embeddable":true,"href":"https:\/\/www.objectifaune.fr\/index.php\/wp-json\/wp\/v2\/categories?post=356"},{"taxonomy":"post_tag","embeddable":true,"href":"https:\/\/www.objectifaune.fr\/index.php\/wp-json\/wp\/v2\/tags?post=356"}],"curies":[{"name":"wp","href":"https:\/\/api.w.org\/{rel}","templated":true}]}}