{"id":225,"date":"2023-11-20T18:40:06","date_gmt":"2023-11-20T17:40:06","guid":{"rendered":"https:\/\/www.objectifaune.fr\/?p=225"},"modified":"2024-06-29T19:08:02","modified_gmt":"2024-06-29T17:08:02","slug":"esod-biodiversite-mouais","status":"publish","type":"post","link":"https:\/\/www.objectifaune.fr\/index.php\/2023\/11\/20\/esod-biodiversite-mouais\/","title":{"rendered":"ESOD-Biodiversit\u00e9.. mouais"},"content":{"rendered":"\n<pre class=\"wp-block-preformatted has-black-color has-very-light-gray-to-cyan-bluish-gray-gradient-background has-text-color has-background has-link-color has-medium-font-size wp-elements-c037bb86b043fd2246b98a5f67558fa7\">ESOD ? Esp\u00e8ce susceptible d'occasionner des d\u00e9g\u00e2ts ... un nouveau terme politiquement correct en lieu et place de nuisibles...\nQuels sont ces fameux ESOD ? (la liste est longue..)\n3 groupes dont le 1er concerne les esp\u00e8ces non indig\u00e8nes , passons ce groupe.\n\n<strong>Groupe 2:<\/strong> Renards, Pies, Corneilles, Geai des ch\u00eanes, \u00e9tourneaux, belettes, fouines et martres\n<strong>Groupe 3:<\/strong> Sangliers, Lapins de garenne et pigeons ramier.\n\nPourquoi parler cela ?\nJe ne souhaite pas de faire de politique politicienne \u00e0 travers ce sujet souvent tax\u00e9 d'\u00e9cologiste ou de militant \u00e9cologiste dont je ne suis pas. \nMais ce concept de nuisible ou ESOD (selon vos choix) reste un non-sens \u00e9cologique (au sens noble du terme \u00e9cologie en r\u00e9f\u00e9rence \u00e0 la science. \u00c9tude des milieux o\u00f9 vivent les \u00eatres vivants, ainsi que des rapports de ces \u00eatres avec le milieu) et biologique.\n\nMais d'un point de vue strictement \u00e9cologique et biologique, chaque esp\u00e8ce mentionn\u00e9 a un r\u00f4le d\u00e9terminant dans la sant\u00e9 d'un \u00e9cosyst\u00e8me.\nLe renard permet une r\u00e9gulation des micro-mammif\u00e8res (donc sauvegarde les cultures), \u00e9limine les tiques...\n\nLe sanglier en remuant la terre, permet une oxyg\u00e9nation du sol et accroit la fertilit\u00e9 des sols...\n\nIl est peut-\u00eatre temps de revoir notre position par rapport \u00e0 ces animaux !\nPeut-\u00eatre arr\u00eater de se mettre en concurrence avec la nature ?\nPeut-\u00eatre pouvons-nous mieux prot\u00e9ger les poulaillers ? \nPeut-\u00eatre a-t-on gagn\u00e9 du terrain sur le territoire des sangliers ?\n\nLes lapins en ESOD reste incompr\u00e9hensible au vue de l'\u00e9tat des populations. Celles-ci ont souffert de maladie et de chasse \u00e0 tel point que le lapin pourrait disparaitre...\n\nMaintenant si nous devons retenir qu'un seul chiffre:\nLe chiffre ci-dessous repr\u00e9sente la baisse de la biodiversit\u00e9 sur 50ans \u00e0 l'\u00e9chelle de la plan\u00e8te.\n\n<\/pre>\n\n\n\n<figure class=\"wp-block-image size-full\"><img loading=\"lazy\" decoding=\"async\" width=\"879\" height=\"430\" src=\"https:\/\/www.objectifaune.fr\/wp-content\/uploads\/2023\/11\/Capture-decran-2023-11-20-a-19.46.33.png\" alt=\"\" class=\"wp-image-263\" srcset=\"https:\/\/www.objectifaune.fr\/wp-content\/uploads\/2023\/11\/Capture-decran-2023-11-20-a-19.46.33.png 879w, https:\/\/www.objectifaune.fr\/wp-content\/uploads\/2023\/11\/Capture-decran-2023-11-20-a-19.46.33-300x147.png 300w, https:\/\/www.objectifaune.fr\/wp-content\/uploads\/2023\/11\/Capture-decran-2023-11-20-a-19.46.33-768x376.png 768w\" sizes=\"auto, (max-width: 879px) 100vw, 879px\" \/><\/figure>\n\n\n\n<pre class=\"wp-block-preformatted has-black-color has-very-light-gray-to-cyan-bluish-gray-gradient-background has-text-color has-background has-link-color has-medium-font-size wp-elements-f86a986b03d254b73657c8dbeb357df2\">Nous sommes face \u00e0 la 6eme extinction de masse, devant une crise climatique sans pr\u00e9c\u00e9dent..\nQue devons-nous faire ? continuer la course vers le pr\u00e9cipice ?\n300000 ans d'\u00e9volution pour arriver \u00e0 ce stade ?\n\nEn France une grande partie des esp\u00e8ces n'est en bonne sant\u00e9 et se situe \u00e0 diff\u00e9rent niveau sur la liste rouge des esp\u00e8ces menac\u00e9s.\nL'urbanisation galopante ne permet plus de conserver des zones de vie.\nChaque destruction de parcelle de terre est un pas vers l'acc\u00e9l\u00e9ration du changement climatique....\n\nNous sommes face \u00e0 2 enjeux majeurs \u00e9troitement li\u00e9s.\nA nous de savoir ce que l'on veut ..\n\nEnfin pour r\u00e9fl\u00e9chir ... chercher la d\u00e9finition d'une esp\u00e8ce nuisible et envahissante .. ce n'est pas celle que l'on pointe du doigt....\n<\/pre>\n\n\n\n<figure class=\"wp-block-image size-large\"><img loading=\"lazy\" decoding=\"async\" width=\"1024\" height=\"701\" src=\"http:\/\/www.objectifaune.fr\/wp-content\/uploads\/2023\/11\/DSC_5213-1024x701.jpg\" alt=\"\" class=\"wp-image-264\" srcset=\"https:\/\/www.objectifaune.fr\/wp-content\/uploads\/2023\/11\/DSC_5213-1024x701.jpg 1024w, https:\/\/www.objectifaune.fr\/wp-content\/uploads\/2023\/11\/DSC_5213-300x205.jpg 300w, https:\/\/www.objectifaune.fr\/wp-content\/uploads\/2023\/11\/DSC_5213-768x526.jpg 768w, https:\/\/www.objectifaune.fr\/wp-content\/uploads\/2023\/11\/DSC_5213-1536x1051.jpg 1536w, https:\/\/www.objectifaune.fr\/wp-content\/uploads\/2023\/11\/DSC_5213-2048x1402.jpg 2048w\" sizes=\"auto, (max-width: 1024px) 100vw, 1024px\" \/><\/figure>\n\n\n\n<pre class=\"wp-block-preformatted has-black-color has-very-light-gray-to-cyan-bluish-gray-gradient-background has-text-color has-background has-link-color has-medium-font-size wp-elements-84eeeb0611442ccd2d12981068dce9b4\">Nuisible moi ? vraiment ? <\/pre>\n\n\n\n<pre class=\"wp-block-preformatted has-black-color has-very-light-gray-to-cyan-bluish-gray-gradient-background has-text-color has-background has-link-color has-medium-font-size wp-elements-77075882de1ce5f82d15e7a49976551c\">Quelques associations luttant pour la sauvegarde de ces esp\u00e8ces: <a href=\"https:\/\/www.aspas-nature.org\">ASPAS-nature<\/a> <a href=\"http:\/\/www.lpo.fr\" data-type=\"link\" data-id=\"http:\/\/www.lpo.fr\">LPO<\/a><\/pre>\n","protected":false},"excerpt":{"rendered":"<p>ESOD ? Esp\u00e8ce susceptible d&rsquo;occasionner des d\u00e9g\u00e2ts &#8230; un nouveau terme politiquement correct en lieu et place de nuisibles&#8230; Quels sont ces fameux ESOD ? (la liste est longue..) 3 groupes dont le 1er concerne les esp\u00e8ces non indig\u00e8nes , passons ce groupe. Groupe 2: Renards, Pies, Corneilles, Geai des ch\u00eanes, \u00e9tourneaux, belettes, fouines et [&hellip;]<\/p>\n","protected":false},"author":2,"featured_media":0,"comment_status":"closed","ping_status":"open","sticky":false,"template":"","format":"standard","meta":{"footnotes":""},"categories":[32],"tags":[],"class_list":["post-225","post","type-post","status-publish","format-standard","hentry","category-biodiversite","entry"],"yoast_head":"<!-- This site is optimized with the Yoast SEO plugin v27.5 - https:\/\/yoast.com\/product\/yoast-seo-wordpress\/ -->\n<title>ESOD-Biodiversit\u00e9.. mouais - Un regard sur la nature<\/title>\n<meta name=\"robots\" content=\"index, follow, max-snippet:-1, max-image-preview:large, max-video-preview:-1\" \/>\n<link rel=\"canonical\" href=\"https:\/\/www.objectifaune.fr\/index.php\/2023\/11\/20\/esod-biodiversite-mouais\/\" \/>\n<meta property=\"og:locale\" content=\"fr_FR\" \/>\n<meta property=\"og:type\" content=\"article\" \/>\n<meta property=\"og:title\" content=\"ESOD-Biodiversit\u00e9.. mouais - Un regard sur la nature\" \/>\n<meta property=\"og:description\" content=\"ESOD ? Esp\u00e8ce susceptible d&#039;occasionner des d\u00e9g\u00e2ts ... un nouveau terme politiquement correct en lieu et place de nuisibles... Quels sont ces fameux ESOD ? (la liste est longue..) 3 groupes dont le 1er concerne les esp\u00e8ces non indig\u00e8nes , passons ce groupe. Groupe 2: Renards, Pies, Corneilles, Geai des ch\u00eanes, \u00e9tourneaux, belettes, fouines et [&hellip;]\" \/>\n<meta property=\"og:url\" content=\"https:\/\/www.objectifaune.fr\/index.php\/2023\/11\/20\/esod-biodiversite-mouais\/\" \/>\n<meta property=\"og:site_name\" content=\"Un regard sur la nature\" \/>\n<meta property=\"article:published_time\" content=\"2023-11-20T17:40:06+00:00\" \/>\n<meta property=\"article:modified_time\" content=\"2024-06-29T17:08:02+00:00\" \/>\n<meta property=\"og:image\" content=\"https:\/\/www.objectifaune.fr\/wp-content\/uploads\/2023\/11\/Capture-decran-2023-11-20-a-19.46.33.png\" \/>\n<meta name=\"author\" content=\"christophe\" \/>\n<meta name=\"twitter:card\" content=\"summary_large_image\" \/>\n<meta name=\"twitter:label1\" content=\"\u00c9crit par\" \/>\n\t<meta name=\"twitter:data1\" content=\"christophe\" \/>\n\t<meta name=\"twitter:label2\" content=\"Dur\u00e9e de lecture estim\u00e9e\" \/>\n\t<meta name=\"twitter:data2\" content=\"1 minute\" \/>\n<script type=\"application\/ld+json\" class=\"yoast-schema-graph\">{\"@context\":\"https:\\\/\\\/schema.org\",\"@graph\":[{\"@type\":\"Article\",\"@id\":\"https:\\\/\\\/www.objectifaune.fr\\\/index.php\\\/2023\\\/11\\\/20\\\/esod-biodiversite-mouais\\\/#article\",\"isPartOf\":{\"@id\":\"https:\\\/\\\/www.objectifaune.fr\\\/index.php\\\/2023\\\/11\\\/20\\\/esod-biodiversite-mouais\\\/\"},\"author\":{\"name\":\"christophe\",\"@id\":\"https:\\\/\\\/www.objectifaune.fr\\\/#\\\/schema\\\/person\\\/bbdca95880e44b4c023a82443e3ff23e\"},\"headline\":\"ESOD-Biodiversit\u00e9.. mouais\",\"datePublished\":\"2023-11-20T17:40:06+00:00\",\"dateModified\":\"2024-06-29T17:08:02+00:00\",\"mainEntityOfPage\":{\"@id\":\"https:\\\/\\\/www.objectifaune.fr\\\/index.php\\\/2023\\\/11\\\/20\\\/esod-biodiversite-mouais\\\/\"},\"wordCount\":2,\"publisher\":{\"@id\":\"https:\\\/\\\/www.objectifaune.fr\\\/#\\\/schema\\\/person\\\/bbdca95880e44b4c023a82443e3ff23e\"},\"image\":{\"@id\":\"https:\\\/\\\/www.objectifaune.fr\\\/index.php\\\/2023\\\/11\\\/20\\\/esod-biodiversite-mouais\\\/#primaryimage\"},\"thumbnailUrl\":\"https:\\\/\\\/www.objectifaune.fr\\\/wp-content\\\/uploads\\\/2023\\\/11\\\/Capture-decran-2023-11-20-a-19.46.33.png\",\"articleSection\":[\"biodiversit\u00e9\"],\"inLanguage\":\"fr-FR\"},{\"@type\":\"WebPage\",\"@id\":\"https:\\\/\\\/www.objectifaune.fr\\\/index.php\\\/2023\\\/11\\\/20\\\/esod-biodiversite-mouais\\\/\",\"url\":\"https:\\\/\\\/www.objectifaune.fr\\\/index.php\\\/2023\\\/11\\\/20\\\/esod-biodiversite-mouais\\\/\",\"name\":\"ESOD-Biodiversit\u00e9.. mouais - Un regard sur la nature\",\"isPartOf\":{\"@id\":\"https:\\\/\\\/www.objectifaune.fr\\\/#website\"},\"primaryImageOfPage\":{\"@id\":\"https:\\\/\\\/www.objectifaune.fr\\\/index.php\\\/2023\\\/11\\\/20\\\/esod-biodiversite-mouais\\\/#primaryimage\"},\"image\":{\"@id\":\"https:\\\/\\\/www.objectifaune.fr\\\/index.php\\\/2023\\\/11\\\/20\\\/esod-biodiversite-mouais\\\/#primaryimage\"},\"thumbnailUrl\":\"https:\\\/\\\/www.objectifaune.fr\\\/wp-content\\\/uploads\\\/2023\\\/11\\\/Capture-decran-2023-11-20-a-19.46.33.png\",\"datePublished\":\"2023-11-20T17:40:06+00:00\",\"dateModified\":\"2024-06-29T17:08:02+00:00\",\"breadcrumb\":{\"@id\":\"https:\\\/\\\/www.objectifaune.fr\\\/index.php\\\/2023\\\/11\\\/20\\\/esod-biodiversite-mouais\\\/#breadcrumb\"},\"inLanguage\":\"fr-FR\",\"potentialAction\":[{\"@type\":\"ReadAction\",\"target\":[\"https:\\\/\\\/www.objectifaune.fr\\\/index.php\\\/2023\\\/11\\\/20\\\/esod-biodiversite-mouais\\\/\"]}]},{\"@type\":\"ImageObject\",\"inLanguage\":\"fr-FR\",\"@id\":\"https:\\\/\\\/www.objectifaune.fr\\\/index.php\\\/2023\\\/11\\\/20\\\/esod-biodiversite-mouais\\\/#primaryimage\",\"url\":\"https:\\\/\\\/www.objectifaune.fr\\\/wp-content\\\/uploads\\\/2023\\\/11\\\/Capture-decran-2023-11-20-a-19.46.33.png\",\"contentUrl\":\"https:\\\/\\\/www.objectifaune.fr\\\/wp-content\\\/uploads\\\/2023\\\/11\\\/Capture-decran-2023-11-20-a-19.46.33.png\",\"width\":879,\"height\":430},{\"@type\":\"BreadcrumbList\",\"@id\":\"https:\\\/\\\/www.objectifaune.fr\\\/index.php\\\/2023\\\/11\\\/20\\\/esod-biodiversite-mouais\\\/#breadcrumb\",\"itemListElement\":[{\"@type\":\"ListItem\",\"position\":1,\"name\":\"Accueil\",\"item\":\"https:\\\/\\\/www.objectifaune.fr\\\/\"},{\"@type\":\"ListItem\",\"position\":2,\"name\":\"ESOD-Biodiversit\u00e9.. mouais\"}]},{\"@type\":\"WebSite\",\"@id\":\"https:\\\/\\\/www.objectifaune.fr\\\/#website\",\"url\":\"https:\\\/\\\/www.objectifaune.fr\\\/\",\"name\":\"objectifaune\",\"description\":\"\",\"publisher\":{\"@id\":\"https:\\\/\\\/www.objectifaune.fr\\\/#\\\/schema\\\/person\\\/bbdca95880e44b4c023a82443e3ff23e\"},\"potentialAction\":[{\"@type\":\"SearchAction\",\"target\":{\"@type\":\"EntryPoint\",\"urlTemplate\":\"https:\\\/\\\/www.objectifaune.fr\\\/?s={search_term_string}\"},\"query-input\":{\"@type\":\"PropertyValueSpecification\",\"valueRequired\":true,\"valueName\":\"search_term_string\"}}],\"inLanguage\":\"fr-FR\"},{\"@type\":[\"Person\",\"Organization\"],\"@id\":\"https:\\\/\\\/www.objectifaune.fr\\\/#\\\/schema\\\/person\\\/bbdca95880e44b4c023a82443e3ff23e\",\"name\":\"christophe\",\"image\":{\"@type\":\"ImageObject\",\"inLanguage\":\"fr-FR\",\"@id\":\"https:\\\/\\\/secure.gravatar.com\\\/avatar\\\/9c6f9b8465b965e8affa3bec0b793174662d4390e99a3857bd8cc937449932cc?s=96&d=mm&r=g\",\"url\":\"https:\\\/\\\/secure.gravatar.com\\\/avatar\\\/9c6f9b8465b965e8affa3bec0b793174662d4390e99a3857bd8cc937449932cc?s=96&d=mm&r=g\",\"contentUrl\":\"https:\\\/\\\/secure.gravatar.com\\\/avatar\\\/9c6f9b8465b965e8affa3bec0b793174662d4390e99a3857bd8cc937449932cc?s=96&d=mm&r=g\",\"caption\":\"christophe\"},\"logo\":{\"@id\":\"https:\\\/\\\/secure.gravatar.com\\\/avatar\\\/9c6f9b8465b965e8affa3bec0b793174662d4390e99a3857bd8cc937449932cc?s=96&d=mm&r=g\"},\"url\":\"https:\\\/\\\/www.objectifaune.fr\\\/index.php\\\/author\\\/christophe\\\/\"}]}<\/script>\n<!-- \/ Yoast SEO plugin. -->","yoast_head_json":{"title":"ESOD-Biodiversit\u00e9.. mouais - Un regard sur la nature","robots":{"index":"index","follow":"follow","max-snippet":"max-snippet:-1","max-image-preview":"max-image-preview:large","max-video-preview":"max-video-preview:-1"},"canonical":"https:\/\/www.objectifaune.fr\/index.php\/2023\/11\/20\/esod-biodiversite-mouais\/","og_locale":"fr_FR","og_type":"article","og_title":"ESOD-Biodiversit\u00e9.. mouais - Un regard sur la nature","og_description":"ESOD ? Esp\u00e8ce susceptible d'occasionner des d\u00e9g\u00e2ts ... un nouveau terme politiquement correct en lieu et place de nuisibles... Quels sont ces fameux ESOD ? (la liste est longue..) 3 groupes dont le 1er concerne les esp\u00e8ces non indig\u00e8nes , passons ce groupe. Groupe 2: Renards, Pies, Corneilles, Geai des ch\u00eanes, \u00e9tourneaux, belettes, fouines et [&hellip;]","og_url":"https:\/\/www.objectifaune.fr\/index.php\/2023\/11\/20\/esod-biodiversite-mouais\/","og_site_name":"Un regard sur la nature","article_published_time":"2023-11-20T17:40:06+00:00","article_modified_time":"2024-06-29T17:08:02+00:00","og_image":[{"url":"https:\/\/www.objectifaune.fr\/wp-content\/uploads\/2023\/11\/Capture-decran-2023-11-20-a-19.46.33.png","type":"","width":"","height":""}],"author":"christophe","twitter_card":"summary_large_image","twitter_misc":{"\u00c9crit par":"christophe","Dur\u00e9e de lecture estim\u00e9e":"1 minute"},"schema":{"@context":"https:\/\/schema.org","@graph":[{"@type":"Article","@id":"https:\/\/www.objectifaune.fr\/index.php\/2023\/11\/20\/esod-biodiversite-mouais\/#article","isPartOf":{"@id":"https:\/\/www.objectifaune.fr\/index.php\/2023\/11\/20\/esod-biodiversite-mouais\/"},"author":{"name":"christophe","@id":"https:\/\/www.objectifaune.fr\/#\/schema\/person\/bbdca95880e44b4c023a82443e3ff23e"},"headline":"ESOD-Biodiversit\u00e9.. mouais","datePublished":"2023-11-20T17:40:06+00:00","dateModified":"2024-06-29T17:08:02+00:00","mainEntityOfPage":{"@id":"https:\/\/www.objectifaune.fr\/index.php\/2023\/11\/20\/esod-biodiversite-mouais\/"},"wordCount":2,"publisher":{"@id":"https:\/\/www.objectifaune.fr\/#\/schema\/person\/bbdca95880e44b4c023a82443e3ff23e"},"image":{"@id":"https:\/\/www.objectifaune.fr\/index.php\/2023\/11\/20\/esod-biodiversite-mouais\/#primaryimage"},"thumbnailUrl":"https:\/\/www.objectifaune.fr\/wp-content\/uploads\/2023\/11\/Capture-decran-2023-11-20-a-19.46.33.png","articleSection":["biodiversit\u00e9"],"inLanguage":"fr-FR"},{"@type":"WebPage","@id":"https:\/\/www.objectifaune.fr\/index.php\/2023\/11\/20\/esod-biodiversite-mouais\/","url":"https:\/\/www.objectifaune.fr\/index.php\/2023\/11\/20\/esod-biodiversite-mouais\/","name":"ESOD-Biodiversit\u00e9.. mouais - Un regard sur la nature","isPartOf":{"@id":"https:\/\/www.objectifaune.fr\/#website"},"primaryImageOfPage":{"@id":"https:\/\/www.objectifaune.fr\/index.php\/2023\/11\/20\/esod-biodiversite-mouais\/#primaryimage"},"image":{"@id":"https:\/\/www.objectifaune.fr\/index.php\/2023\/11\/20\/esod-biodiversite-mouais\/#primaryimage"},"thumbnailUrl":"https:\/\/www.objectifaune.fr\/wp-content\/uploads\/2023\/11\/Capture-decran-2023-11-20-a-19.46.33.png","datePublished":"2023-11-20T17:40:06+00:00","dateModified":"2024-06-29T17:08:02+00:00","breadcrumb":{"@id":"https:\/\/www.objectifaune.fr\/index.php\/2023\/11\/20\/esod-biodiversite-mouais\/#breadcrumb"},"inLanguage":"fr-FR","potentialAction":[{"@type":"ReadAction","target":["https:\/\/www.objectifaune.fr\/index.php\/2023\/11\/20\/esod-biodiversite-mouais\/"]}]},{"@type":"ImageObject","inLanguage":"fr-FR","@id":"https:\/\/www.objectifaune.fr\/index.php\/2023\/11\/20\/esod-biodiversite-mouais\/#primaryimage","url":"https:\/\/www.objectifaune.fr\/wp-content\/uploads\/2023\/11\/Capture-decran-2023-11-20-a-19.46.33.png","contentUrl":"https:\/\/www.objectifaune.fr\/wp-content\/uploads\/2023\/11\/Capture-decran-2023-11-20-a-19.46.33.png","width":879,"height":430},{"@type":"BreadcrumbList","@id":"https:\/\/www.objectifaune.fr\/index.php\/2023\/11\/20\/esod-biodiversite-mouais\/#breadcrumb","itemListElement":[{"@type":"ListItem","position":1,"name":"Accueil","item":"https:\/\/www.objectifaune.fr\/"},{"@type":"ListItem","position":2,"name":"ESOD-Biodiversit\u00e9.. mouais"}]},{"@type":"WebSite","@id":"https:\/\/www.objectifaune.fr\/#website","url":"https:\/\/www.objectifaune.fr\/","name":"objectifaune","description":"","publisher":{"@id":"https:\/\/www.objectifaune.fr\/#\/schema\/person\/bbdca95880e44b4c023a82443e3ff23e"},"potentialAction":[{"@type":"SearchAction","target":{"@type":"EntryPoint","urlTemplate":"https:\/\/www.objectifaune.fr\/?s={search_term_string}"},"query-input":{"@type":"PropertyValueSpecification","valueRequired":true,"valueName":"search_term_string"}}],"inLanguage":"fr-FR"},{"@type":["Person","Organization"],"@id":"https:\/\/www.objectifaune.fr\/#\/schema\/person\/bbdca95880e44b4c023a82443e3ff23e","name":"christophe","image":{"@type":"ImageObject","inLanguage":"fr-FR","@id":"https:\/\/secure.gravatar.com\/avatar\/9c6f9b8465b965e8affa3bec0b793174662d4390e99a3857bd8cc937449932cc?s=96&d=mm&r=g","url":"https:\/\/secure.gravatar.com\/avatar\/9c6f9b8465b965e8affa3bec0b793174662d4390e99a3857bd8cc937449932cc?s=96&d=mm&r=g","contentUrl":"https:\/\/secure.gravatar.com\/avatar\/9c6f9b8465b965e8affa3bec0b793174662d4390e99a3857bd8cc937449932cc?s=96&d=mm&r=g","caption":"christophe"},"logo":{"@id":"https:\/\/secure.gravatar.com\/avatar\/9c6f9b8465b965e8affa3bec0b793174662d4390e99a3857bd8cc937449932cc?s=96&d=mm&r=g"},"url":"https:\/\/www.objectifaune.fr\/index.php\/author\/christophe\/"}]}},"_links":{"self":[{"href":"https:\/\/www.objectifaune.fr\/index.php\/wp-json\/wp\/v2\/posts\/225","targetHints":{"allow":["GET"]}}],"collection":[{"href":"https:\/\/www.objectifaune.fr\/index.php\/wp-json\/wp\/v2\/posts"}],"about":[{"href":"https:\/\/www.objectifaune.fr\/index.php\/wp-json\/wp\/v2\/types\/post"}],"author":[{"embeddable":true,"href":"https:\/\/www.objectifaune.fr\/index.php\/wp-json\/wp\/v2\/users\/2"}],"replies":[{"embeddable":true,"href":"https:\/\/www.objectifaune.fr\/index.php\/wp-json\/wp\/v2\/comments?post=225"}],"version-history":[{"count":4,"href":"https:\/\/www.objectifaune.fr\/index.php\/wp-json\/wp\/v2\/posts\/225\/revisions"}],"predecessor-version":[{"id":336,"href":"https:\/\/www.objectifaune.fr\/index.php\/wp-json\/wp\/v2\/posts\/225\/revisions\/336"}],"wp:attachment":[{"href":"https:\/\/www.objectifaune.fr\/index.php\/wp-json\/wp\/v2\/media?parent=225"}],"wp:term":[{"taxonomy":"category","embeddable":true,"href":"https:\/\/www.objectifaune.fr\/index.php\/wp-json\/wp\/v2\/categories?post=225"},{"taxonomy":"post_tag","embeddable":true,"href":"https:\/\/www.objectifaune.fr\/index.php\/wp-json\/wp\/v2\/tags?post=225"}],"curies":[{"name":"wp","href":"https:\/\/api.w.org\/{rel}","templated":true}]}}