{"id":1283,"date":"2026-08-26T17:19:19","date_gmt":"2026-08-26T15:19:19","guid":{"rendered":"https:\/\/www.objectifaune.fr\/?p=1283"},"modified":"2026-08-26T17:19:19","modified_gmt":"2026-08-26T15:19:19","slug":"une-soiree-en-compagnie-des-chevreuils","status":"publish","type":"post","link":"https:\/\/www.objectifaune.fr\/index.php\/2026\/08\/26\/une-soiree-en-compagnie-des-chevreuils\/","title":{"rendered":"Une soir\u00e9e en compagnie des Chevreuils"},"content":{"rendered":"\n<p class=\"has-black-color has-very-light-gray-to-cyan-bluish-gray-gradient-background has-text-color has-background has-link-color has-medium-font-size wp-elements-1 wp-block-paragraph\">Une soir\u00e9e en compagnie des Chevreuils dans les for\u00eats alpines. Je connais un secteur propice \u00e0 l&rsquo;observation des Chevreuils dans les Alpes. Pour autant, leur pr\u00e9sence et leur observation ne sont pas garanti, on ne peut pas pr\u00e9dire le comportement et le chemin que va suivre un animal.<br>J&rsquo;ai d\u00e9ja eu plusieurs \u00e9checs d&rsquo;affuts alors que j&rsquo;\u00e9tais dans un excellent spot. Lever tr\u00e8s t\u00f4t bien avant que le soleil ne pointe son nez, j&rsquo;ai attendu et ils ne sont jamais venus.<br>M\u00eame en connaissant le terrain, le succ\u00e8s en photo animali\u00e8re reste incertain. <br><br>Il a donc fallu s&rsquo;armer de patience, recommencer, tester, changer d&rsquo;angle.<br>Et comme je ne suis pas un fervent de la bilbaude ou de l&rsquo;approche (technique qui consiste \u00e0 couvrir du terrain pour augmenter la chance d&rsquo;observation) pour la simple et bonne raison est que cette technique est trop d\u00e9rangeante pour l&rsquo;animal. Il a tendance \u00e0 nous rep\u00e9rer et fuir. Les photos sont donc souvent sur des instants de fuite. L&rsquo;observation est furtive et on ne peut profiter de l&rsquo;instant et au final, on est d\u00e9\u00e7u.<br><br>Donc en cette soir\u00e9e d&rsquo;\u00e9t\u00e9 d&rsquo;un mois d&rsquo;Ao\u00fbt chaud, je pr\u00e9pare mon affut en lisi\u00e8re d&rsquo;un champ, bien camoufl\u00e9, seul le bout de l&rsquo;objectif est apparent.<br><br>L&rsquo;attente commence, parfois cela peut \u00eatre long, un Geai des Ch\u00eanes viendra agr\u00e9menter l&rsquo;attente en se posant dans le pommier \u00e0 proximit\u00e9 et se nourrissant des pommes.<br>La lumi\u00e8re tombe lorsqu&rsquo;au fond du champ, des petits mouvements apparaissent. <br>Ce sont 3 petits faons ou plut\u00f4t chevrillards qui se mettent \u00e0 jouer ensemble, se poursuivent, se sautent dessus. Une chevrette les accompagne. <br>L&rsquo;observation est parfaite, ils ne nous ont pas rep\u00e9r\u00e9, ils profitent de leur soir\u00e9e et nous du spectacle.<br>On peut \u00e9galement observer l&rsquo;interaction entre le faon et la femelle. <br>Les chevrillards, malgr\u00e9 leur l\u00e9g\u00e8ret\u00e9, restent \u00e0 l&rsquo;aff\u00fbt du moindre mouvement, bruit, odeur. Un des jeunes rel\u00e8ve la t\u00eate, semble capter un danger. Dans le doute, on part en courant dans le sens oppos\u00e9 dans la for\u00eat. Ce ne sera pas notre pr\u00e9sence puisque le regard n&rsquo;ont jamais crois\u00e9 notre position.<br>Nous n&rsquo;avons jamais su la cause de leur d\u00e9rangement.<br><br>La soir\u00e9e avance comme la nuit, je dois monter en ISO pour compenser le manque de lumi\u00e8re. <br>Quant \u00e0 notre grande surprise, 2 Chevreuils, un m\u00e2le et une femelle sortent sur notre gauche.<br>Le m\u00e2le est magnifique avec des bois \u00e9normes. La femelle nous passe \u00e0 c\u00f4t\u00e9 tandis que le brocard se positionne en dessous d&rsquo;elle et se met \u00e0 aboyer.<br>Le son est puissant et r\u00e9sonne dans toute la zone !<br>On pensait que l&rsquo;on avait \u00e9t\u00e9 rep\u00e9r\u00e9 mais apr\u00e8s observation, cela ressemblait plut\u00f4t \u00e0 un marquage de territoire vis \u00e0 vis des autres individus. Nous avions entendu plus t\u00f4t dans la soir\u00e9e, un chevreuil aboyer au loin.<br><br>Ils resteront devant notre affut jusqu&rsquo;\u00e0 la nuit noire. <br>Un moment magique qui est d&rsquo;autant plus important que nous ne les avons pas d\u00e9rang\u00e9 et avons pu les contempler.<\/p>\n\n\n\n<figure class=\"wp-block-image size-large\"><img loading=\"lazy\" decoding=\"async\" width=\"1024\" height=\"682\" src=\"https:\/\/www.objectifaune.fr\/wp-content\/uploads\/2026\/08\/DSC_9246_DxO-1024x682.jpg\" alt=\"Chevreuil (brocard) \u00e0 la nuit tomb\u00e9e dans la for\u00eat alpine\" class=\"wp-image-1287\" srcset=\"https:\/\/www.objectifaune.fr\/wp-content\/uploads\/2026\/08\/DSC_9246_DxO-1024x682.jpg 1024w, https:\/\/www.objectifaune.fr\/wp-content\/uploads\/2026\/08\/DSC_9246_DxO-300x200.jpg 300w, https:\/\/www.objectifaune.fr\/wp-content\/uploads\/2026\/08\/DSC_9246_DxO-768x512.jpg 768w, https:\/\/www.objectifaune.fr\/wp-content\/uploads\/2026\/08\/DSC_9246_DxO-1536x1023.jpg 1536w, https:\/\/www.objectifaune.fr\/wp-content\/uploads\/2026\/08\/DSC_9246_DxO-2048x1364.jpg 2048w\" sizes=\"auto, (max-width: 1024px) 100vw, 1024px\" \/><\/figure>\n\n\n\n<p class=\"wp-block-paragraph\"><\/p>\n","protected":false},"excerpt":{"rendered":"<p>Une soir\u00e9e en compagnie des Chevreuils dans les for\u00eats alpines. Je connais un secteur propice \u00e0 l&rsquo;observation des Chevreuils dans les Alpes. Pour autant, leur pr\u00e9sence et leur observation ne sont pas garanti, on ne peut pas pr\u00e9dire le comportement et le chemin que va suivre un animal.J&rsquo;ai d\u00e9ja eu plusieurs \u00e9checs d&rsquo;affuts alors que [&hellip;]<\/p>\n","protected":false},"author":2,"featured_media":0,"comment_status":"closed","ping_status":"open","sticky":false,"template":"","format":"standard","meta":{"footnotes":""},"categories":[61,93,33,62,1,69,63],"tags":[22,8,37,5],"class_list":["post-1283","post","type-post","status-publish","format-standard","hentry","category-alpes","category-chevreuils","category-mammifere","category-montagne","category-non-classe","category-parc-national-des-ecrins","category-queyras","tag-alpes","tag-faune","tag-mammifere","tag-photo","entry"],"yoast_head":"<!-- This site is optimized with the Yoast SEO plugin v28.4 - https:\/\/yoast.com\/product\/yoast-seo-wordpress\/ -->\n<title>Une soir\u00e9e en compagnie des Chevreuils - Un regard sur la nature<\/title>\n<meta name=\"robots\" content=\"index, follow, max-snippet:-1, max-image-preview:large, max-video-preview:-1\" \/>\n<link rel=\"canonical\" href=\"https:\/\/www.objectifaune.fr\/index.php\/2026\/08\/26\/une-soiree-en-compagnie-des-chevreuils\/\" \/>\n<meta property=\"og:locale\" content=\"fr_FR\" \/>\n<meta property=\"og:type\" content=\"article\" \/>\n<meta property=\"og:title\" content=\"Une soir\u00e9e en compagnie des Chevreuils - Un regard sur la nature\" \/>\n<meta property=\"og:description\" content=\"Une soir\u00e9e en compagnie des Chevreuils dans les for\u00eats alpines. Je connais un secteur propice \u00e0 l&rsquo;observation des Chevreuils dans les Alpes. Pour autant, leur pr\u00e9sence et leur observation ne sont pas garanti, on ne peut pas pr\u00e9dire le comportement et le chemin que va suivre un animal.J&rsquo;ai d\u00e9ja eu plusieurs \u00e9checs d&rsquo;affuts alors que [&hellip;]\" \/>\n<meta property=\"og:url\" content=\"https:\/\/www.objectifaune.fr\/index.php\/2026\/08\/26\/une-soiree-en-compagnie-des-chevreuils\/\" \/>\n<meta property=\"og:site_name\" content=\"Un regard sur la nature\" \/>\n<meta property=\"article:published_time\" content=\"2026-08-26T15:19:19+00:00\" \/>\n<meta property=\"og:image\" content=\"https:\/\/www.objectifaune.fr\/wp-content\/uploads\/2026\/08\/DSC_9246_DxO-scaled.jpg\" \/>\n\t<meta property=\"og:image:width\" content=\"2560\" \/>\n\t<meta property=\"og:image:height\" content=\"1706\" \/>\n\t<meta property=\"og:image:type\" content=\"image\/jpeg\" \/>\n<meta name=\"author\" content=\"christophe\" \/>\n<meta name=\"twitter:card\" content=\"summary_large_image\" \/>\n<meta name=\"twitter:label1\" content=\"\u00c9crit par\" \/>\n\t<meta name=\"twitter:data1\" content=\"christophe\" \/>\n\t<meta name=\"twitter:label2\" content=\"Dur\u00e9e de lecture estim\u00e9e\" \/>\n\t<meta name=\"twitter:data2\" content=\"3 minutes\" \/>\n<script type=\"application\/ld+json\" class=\"yoast-schema-graph\">{\"@context\":\"https:\\\/\\\/schema.org\",\"@graph\":[{\"@type\":\"Article\",\"@id\":\"https:\\\/\\\/www.objectifaune.fr\\\/index.php\\\/2026\\\/08\\\/26\\\/une-soiree-en-compagnie-des-chevreuils\\\/#article\",\"isPartOf\":{\"@id\":\"https:\\\/\\\/www.objectifaune.fr\\\/index.php\\\/2026\\\/08\\\/26\\\/une-soiree-en-compagnie-des-chevreuils\\\/\"},\"author\":{\"name\":\"christophe\",\"@id\":\"https:\\\/\\\/www.objectifaune.fr\\\/#\\\/schema\\\/person\\\/bbdca95880e44b4c023a82443e3ff23e\"},\"headline\":\"Une soir\u00e9e en compagnie des Chevreuils\",\"datePublished\":\"2026-08-26T15:19:19+00:00\",\"mainEntityOfPage\":{\"@id\":\"https:\\\/\\\/www.objectifaune.fr\\\/index.php\\\/2026\\\/08\\\/26\\\/une-soiree-en-compagnie-des-chevreuils\\\/\"},\"wordCount\":531,\"publisher\":{\"@id\":\"https:\\\/\\\/www.objectifaune.fr\\\/#\\\/schema\\\/person\\\/bbdca95880e44b4c023a82443e3ff23e\"},\"image\":{\"@id\":\"https:\\\/\\\/www.objectifaune.fr\\\/index.php\\\/2026\\\/08\\\/26\\\/une-soiree-en-compagnie-des-chevreuils\\\/#primaryimage\"},\"thumbnailUrl\":\"https:\\\/\\\/www.objectifaune.fr\\\/wp-content\\\/uploads\\\/2026\\\/08\\\/DSC_9246_DxO-1024x682.jpg\",\"keywords\":[\"alpes\",\"faune\",\"mammifere\",\"photo\"],\"articleSection\":{\"0\":\"alpes\",\"1\":\"chevreuils\",\"2\":\"mammifere\",\"3\":\"montagne\",\"5\":\"parc national des ecrins\",\"6\":\"queyras\"},\"inLanguage\":\"fr-FR\"},{\"@type\":\"WebPage\",\"@id\":\"https:\\\/\\\/www.objectifaune.fr\\\/index.php\\\/2026\\\/08\\\/26\\\/une-soiree-en-compagnie-des-chevreuils\\\/\",\"url\":\"https:\\\/\\\/www.objectifaune.fr\\\/index.php\\\/2026\\\/08\\\/26\\\/une-soiree-en-compagnie-des-chevreuils\\\/\",\"name\":\"Une soir\u00e9e en compagnie des Chevreuils - Un regard sur la nature\",\"isPartOf\":{\"@id\":\"https:\\\/\\\/www.objectifaune.fr\\\/#website\"},\"primaryImageOfPage\":{\"@id\":\"https:\\\/\\\/www.objectifaune.fr\\\/index.php\\\/2026\\\/08\\\/26\\\/une-soiree-en-compagnie-des-chevreuils\\\/#primaryimage\"},\"image\":{\"@id\":\"https:\\\/\\\/www.objectifaune.fr\\\/index.php\\\/2026\\\/08\\\/26\\\/une-soiree-en-compagnie-des-chevreuils\\\/#primaryimage\"},\"thumbnailUrl\":\"https:\\\/\\\/www.objectifaune.fr\\\/wp-content\\\/uploads\\\/2026\\\/08\\\/DSC_9246_DxO-1024x682.jpg\",\"datePublished\":\"2026-08-26T15:19:19+00:00\",\"breadcrumb\":{\"@id\":\"https:\\\/\\\/www.objectifaune.fr\\\/index.php\\\/2026\\\/08\\\/26\\\/une-soiree-en-compagnie-des-chevreuils\\\/#breadcrumb\"},\"inLanguage\":\"fr-FR\",\"potentialAction\":[{\"@type\":\"ReadAction\",\"target\":[\"https:\\\/\\\/www.objectifaune.fr\\\/index.php\\\/2026\\\/08\\\/26\\\/une-soiree-en-compagnie-des-chevreuils\\\/\"]}]},{\"@type\":\"ImageObject\",\"inLanguage\":\"fr-FR\",\"@id\":\"https:\\\/\\\/www.objectifaune.fr\\\/index.php\\\/2026\\\/08\\\/26\\\/une-soiree-en-compagnie-des-chevreuils\\\/#primaryimage\",\"url\":\"https:\\\/\\\/www.objectifaune.fr\\\/wp-content\\\/uploads\\\/2026\\\/08\\\/DSC_9246_DxO-scaled.jpg\",\"contentUrl\":\"https:\\\/\\\/www.objectifaune.fr\\\/wp-content\\\/uploads\\\/2026\\\/08\\\/DSC_9246_DxO-scaled.jpg\",\"width\":2560,\"height\":1706,\"caption\":\"Chevreuil (brocard) \u00e0 la nuit tomb\u00e9e dans la for\u00eat alpine\"},{\"@type\":\"BreadcrumbList\",\"@id\":\"https:\\\/\\\/www.objectifaune.fr\\\/index.php\\\/2026\\\/08\\\/26\\\/une-soiree-en-compagnie-des-chevreuils\\\/#breadcrumb\",\"itemListElement\":[{\"@type\":\"ListItem\",\"position\":1,\"name\":\"Accueil\",\"item\":\"https:\\\/\\\/www.objectifaune.fr\\\/\"},{\"@type\":\"ListItem\",\"position\":2,\"name\":\"Une soir\u00e9e en compagnie des Chevreuils\"}]},{\"@type\":\"WebSite\",\"@id\":\"https:\\\/\\\/www.objectifaune.fr\\\/#website\",\"url\":\"https:\\\/\\\/www.objectifaune.fr\\\/\",\"name\":\"objectifaune\",\"description\":\"\",\"publisher\":{\"@id\":\"https:\\\/\\\/www.objectifaune.fr\\\/#\\\/schema\\\/person\\\/bbdca95880e44b4c023a82443e3ff23e\"},\"potentialAction\":[{\"@type\":\"SearchAction\",\"target\":{\"@type\":\"EntryPoint\",\"urlTemplate\":\"https:\\\/\\\/www.objectifaune.fr\\\/?s={search_term_string}\"},\"query-input\":{\"@type\":\"PropertyValueSpecification\",\"valueRequired\":true,\"valueName\":\"search_term_string\"}}],\"inLanguage\":\"fr-FR\"},{\"@type\":[\"Person\",\"Organization\"],\"@id\":\"https:\\\/\\\/www.objectifaune.fr\\\/#\\\/schema\\\/person\\\/bbdca95880e44b4c023a82443e3ff23e\",\"name\":\"christophe\",\"image\":{\"@type\":\"ImageObject\",\"inLanguage\":\"fr-FR\",\"@id\":\"https:\\\/\\\/secure.gravatar.com\\\/avatar\\\/9c6f9b8465b965e8affa3bec0b793174662d4390e99a3857bd8cc937449932cc?s=96&d=mm&r=g\",\"url\":\"https:\\\/\\\/secure.gravatar.com\\\/avatar\\\/9c6f9b8465b965e8affa3bec0b793174662d4390e99a3857bd8cc937449932cc?s=96&d=mm&r=g\",\"contentUrl\":\"https:\\\/\\\/secure.gravatar.com\\\/avatar\\\/9c6f9b8465b965e8affa3bec0b793174662d4390e99a3857bd8cc937449932cc?s=96&d=mm&r=g\",\"caption\":\"christophe\"},\"logo\":{\"@id\":\"https:\\\/\\\/secure.gravatar.com\\\/avatar\\\/9c6f9b8465b965e8affa3bec0b793174662d4390e99a3857bd8cc937449932cc?s=96&d=mm&r=g\"},\"url\":\"https:\\\/\\\/www.objectifaune.fr\\\/index.php\\\/author\\\/christophe\\\/\"}]}<\/script>\n<!-- \/ Yoast SEO plugin. -->","yoast_head_json":{"title":"Une soir\u00e9e en compagnie des Chevreuils - Un regard sur la nature","robots":{"index":"index","follow":"follow","max-snippet":"max-snippet:-1","max-image-preview":"max-image-preview:large","max-video-preview":"max-video-preview:-1"},"canonical":"https:\/\/www.objectifaune.fr\/index.php\/2026\/08\/26\/une-soiree-en-compagnie-des-chevreuils\/","og_locale":"fr_FR","og_type":"article","og_title":"Une soir\u00e9e en compagnie des Chevreuils - Un regard sur la nature","og_description":"Une soir\u00e9e en compagnie des Chevreuils dans les for\u00eats alpines. Je connais un secteur propice \u00e0 l&rsquo;observation des Chevreuils dans les Alpes. Pour autant, leur pr\u00e9sence et leur observation ne sont pas garanti, on ne peut pas pr\u00e9dire le comportement et le chemin que va suivre un animal.J&rsquo;ai d\u00e9ja eu plusieurs \u00e9checs d&rsquo;affuts alors que [&hellip;]","og_url":"https:\/\/www.objectifaune.fr\/index.php\/2026\/08\/26\/une-soiree-en-compagnie-des-chevreuils\/","og_site_name":"Un regard sur la nature","article_published_time":"2026-08-26T15:19:19+00:00","og_image":[{"width":2560,"height":1706,"url":"https:\/\/www.objectifaune.fr\/wp-content\/uploads\/2026\/08\/DSC_9246_DxO-scaled.jpg","type":"image\/jpeg"}],"author":"christophe","twitter_card":"summary_large_image","twitter_misc":{"\u00c9crit par":"christophe","Dur\u00e9e de lecture estim\u00e9e":"3 minutes"},"schema":{"@context":"https:\/\/schema.org","@graph":[{"@type":"Article","@id":"https:\/\/www.objectifaune.fr\/index.php\/2026\/08\/26\/une-soiree-en-compagnie-des-chevreuils\/#article","isPartOf":{"@id":"https:\/\/www.objectifaune.fr\/index.php\/2026\/08\/26\/une-soiree-en-compagnie-des-chevreuils\/"},"author":{"name":"christophe","@id":"https:\/\/www.objectifaune.fr\/#\/schema\/person\/bbdca95880e44b4c023a82443e3ff23e"},"headline":"Une soir\u00e9e en compagnie des Chevreuils","datePublished":"2026-08-26T15:19:19+00:00","mainEntityOfPage":{"@id":"https:\/\/www.objectifaune.fr\/index.php\/2026\/08\/26\/une-soiree-en-compagnie-des-chevreuils\/"},"wordCount":531,"publisher":{"@id":"https:\/\/www.objectifaune.fr\/#\/schema\/person\/bbdca95880e44b4c023a82443e3ff23e"},"image":{"@id":"https:\/\/www.objectifaune.fr\/index.php\/2026\/08\/26\/une-soiree-en-compagnie-des-chevreuils\/#primaryimage"},"thumbnailUrl":"https:\/\/www.objectifaune.fr\/wp-content\/uploads\/2026\/08\/DSC_9246_DxO-1024x682.jpg","keywords":["alpes","faune","mammifere","photo"],"articleSection":{"0":"alpes","1":"chevreuils","2":"mammifere","3":"montagne","5":"parc national des ecrins","6":"queyras"},"inLanguage":"fr-FR"},{"@type":"WebPage","@id":"https:\/\/www.objectifaune.fr\/index.php\/2026\/08\/26\/une-soiree-en-compagnie-des-chevreuils\/","url":"https:\/\/www.objectifaune.fr\/index.php\/2026\/08\/26\/une-soiree-en-compagnie-des-chevreuils\/","name":"Une soir\u00e9e en compagnie des Chevreuils - Un regard sur la nature","isPartOf":{"@id":"https:\/\/www.objectifaune.fr\/#website"},"primaryImageOfPage":{"@id":"https:\/\/www.objectifaune.fr\/index.php\/2026\/08\/26\/une-soiree-en-compagnie-des-chevreuils\/#primaryimage"},"image":{"@id":"https:\/\/www.objectifaune.fr\/index.php\/2026\/08\/26\/une-soiree-en-compagnie-des-chevreuils\/#primaryimage"},"thumbnailUrl":"https:\/\/www.objectifaune.fr\/wp-content\/uploads\/2026\/08\/DSC_9246_DxO-1024x682.jpg","datePublished":"2026-08-26T15:19:19+00:00","breadcrumb":{"@id":"https:\/\/www.objectifaune.fr\/index.php\/2026\/08\/26\/une-soiree-en-compagnie-des-chevreuils\/#breadcrumb"},"inLanguage":"fr-FR","potentialAction":[{"@type":"ReadAction","target":["https:\/\/www.objectifaune.fr\/index.php\/2026\/08\/26\/une-soiree-en-compagnie-des-chevreuils\/"]}]},{"@type":"ImageObject","inLanguage":"fr-FR","@id":"https:\/\/www.objectifaune.fr\/index.php\/2026\/08\/26\/une-soiree-en-compagnie-des-chevreuils\/#primaryimage","url":"https:\/\/www.objectifaune.fr\/wp-content\/uploads\/2026\/08\/DSC_9246_DxO-scaled.jpg","contentUrl":"https:\/\/www.objectifaune.fr\/wp-content\/uploads\/2026\/08\/DSC_9246_DxO-scaled.jpg","width":2560,"height":1706,"caption":"Chevreuil (brocard) \u00e0 la nuit tomb\u00e9e dans la for\u00eat alpine"},{"@type":"BreadcrumbList","@id":"https:\/\/www.objectifaune.fr\/index.php\/2026\/08\/26\/une-soiree-en-compagnie-des-chevreuils\/#breadcrumb","itemListElement":[{"@type":"ListItem","position":1,"name":"Accueil","item":"https:\/\/www.objectifaune.fr\/"},{"@type":"ListItem","position":2,"name":"Une soir\u00e9e en compagnie des Chevreuils"}]},{"@type":"WebSite","@id":"https:\/\/www.objectifaune.fr\/#website","url":"https:\/\/www.objectifaune.fr\/","name":"objectifaune","description":"","publisher":{"@id":"https:\/\/www.objectifaune.fr\/#\/schema\/person\/bbdca95880e44b4c023a82443e3ff23e"},"potentialAction":[{"@type":"SearchAction","target":{"@type":"EntryPoint","urlTemplate":"https:\/\/www.objectifaune.fr\/?s={search_term_string}"},"query-input":{"@type":"PropertyValueSpecification","valueRequired":true,"valueName":"search_term_string"}}],"inLanguage":"fr-FR"},{"@type":["Person","Organization"],"@id":"https:\/\/www.objectifaune.fr\/#\/schema\/person\/bbdca95880e44b4c023a82443e3ff23e","name":"christophe","image":{"@type":"ImageObject","inLanguage":"fr-FR","@id":"https:\/\/secure.gravatar.com\/avatar\/9c6f9b8465b965e8affa3bec0b793174662d4390e99a3857bd8cc937449932cc?s=96&d=mm&r=g","url":"https:\/\/secure.gravatar.com\/avatar\/9c6f9b8465b965e8affa3bec0b793174662d4390e99a3857bd8cc937449932cc?s=96&d=mm&r=g","contentUrl":"https:\/\/secure.gravatar.com\/avatar\/9c6f9b8465b965e8affa3bec0b793174662d4390e99a3857bd8cc937449932cc?s=96&d=mm&r=g","caption":"christophe"},"logo":{"@id":"https:\/\/secure.gravatar.com\/avatar\/9c6f9b8465b965e8affa3bec0b793174662d4390e99a3857bd8cc937449932cc?s=96&d=mm&r=g"},"url":"https:\/\/www.objectifaune.fr\/index.php\/author\/christophe\/"}]}},"_links":{"self":[{"href":"https:\/\/www.objectifaune.fr\/index.php\/wp-json\/wp\/v2\/posts\/1283","targetHints":{"allow":["GET"]}}],"collection":[{"href":"https:\/\/www.objectifaune.fr\/index.php\/wp-json\/wp\/v2\/posts"}],"about":[{"href":"https:\/\/www.objectifaune.fr\/index.php\/wp-json\/wp\/v2\/types\/post"}],"author":[{"embeddable":true,"href":"https:\/\/www.objectifaune.fr\/index.php\/wp-json\/wp\/v2\/users\/2"}],"replies":[{"embeddable":true,"href":"https:\/\/www.objectifaune.fr\/index.php\/wp-json\/wp\/v2\/comments?post=1283"}],"version-history":[{"count":3,"href":"https:\/\/www.objectifaune.fr\/index.php\/wp-json\/wp\/v2\/posts\/1283\/revisions"}],"predecessor-version":[{"id":1288,"href":"https:\/\/www.objectifaune.fr\/index.php\/wp-json\/wp\/v2\/posts\/1283\/revisions\/1288"}],"wp:attachment":[{"href":"https:\/\/www.objectifaune.fr\/index.php\/wp-json\/wp\/v2\/media?parent=1283"}],"wp:term":[{"taxonomy":"category","embeddable":true,"href":"https:\/\/www.objectifaune.fr\/index.php\/wp-json\/wp\/v2\/categories?post=1283"},{"taxonomy":"post_tag","embeddable":true,"href":"https:\/\/www.objectifaune.fr\/index.php\/wp-json\/wp\/v2\/tags?post=1283"}],"curies":[{"name":"wp","href":"https:\/\/api.w.org\/{rel}","templated":true}]}}